{"id":16101,"date":"2025-02-20T14:08:40","date_gmt":"2025-02-20T14:08:40","guid":{"rendered":"https:\/\/admirable.cl\/?p=16101"},"modified":"2025-02-20T14:08:40","modified_gmt":"2025-02-20T14:08:40","slug":"una-persona-fallecida-deja-colision-entre-camion-y-bus-de-dos-pisos-en-perquenco","status":"publish","type":"post","link":"https:\/\/admirable.cl\/?p=16101","title":{"rendered":"Una persona fallecida deja colisi\u00f3n entre cami\u00f3n y bus de dos pisos en Perquenco"},"content":{"rendered":"<p><strong>Una persona fallecida dej\u00f3 un accidente vehicular ocurrido la madrugada de este jueves en Perquenco, regi\u00f3n de La Araucan\u00eda, esto luego que un cami\u00f3n cargado trigo y un bus de la empresa Jet Sur protagonizaran una colisi\u00f3n por alcance.<\/strong><\/p>\n<p>El hecho tuvo lugar a la altura del kil\u00f3metro 637 de la Ruta 5 Sur, esto en el sector de Quillem.<\/p>\n<p>En dicho punto, el transporte de pasajeros impact\u00f3 en la parte posterior del veh\u00edculo de carga, provocando que este \u00faltimo se saliera de la ruta.<\/p>\n<p>El siniestro involucr\u00f3 a un bus de dos pisos y un cami\u00f3n, los cuales terminaron fuera de la v\u00eda en un predio colindante.<\/p>\n<p>Tras el impacto, personal del SAMU y Bomberos acudieron r\u00e1pidamente al lugar para asistir a los heridos y trasladarlos a los centros asistenciales correspondientes. Mientras tanto, Carabineros trabaja en la regulaci\u00f3n del tr\u00e1nsito, que se mantiene con alta congesti\u00f3n en la zona.<\/p>\n<p><a href=\"https:\/\/admirable.cl\/wp-content\/uploads\/2025\/02\/WhatsApp-Image-2025-02-20-at-11.07.53.jpeg\"><img loading=\"lazy\" decoding=\"async\" class=\"alignnone size-medium wp-image-16103\" src=\"https:\/\/admirable.cl\/wp-content\/uploads\/2025\/02\/WhatsApp-Image-2025-02-20-at-11.07.53-300x225.jpeg\" alt=\"\" width=\"300\" height=\"225\" \/><\/a><\/p>\n<p>Asimismo, se precis\u00f3 que -previo al accidente- el bus de dos pisos hab\u00eda salido desde Temuco con direcci\u00f3n a la regi\u00f3n Metropolitana.<\/p>\n<p>Seg\u00fan datos preliminares, la persona fallecida iba en la parte delantera del bus, destinada a la tripulaci\u00f3n de este.<\/p>\n<p>Asimismo, se precis\u00f3 que -previo al accidente- el bus de dos pisos hab\u00eda salido desde Temuco con direcci\u00f3n a la regi\u00f3n Metropolitana.<\/p>\n<p>A causa de lo ocurrido, tambi\u00e9n se reportaron a nueve pasajeros con lesiones de car\u00e1cter grave, mientras que el resto present\u00f3 lesiones de diversa consideraci\u00f3n, quienes fueron atendidos en el Hospital de Lautaro.<\/p>\n<p>A su vez, otros lesionados fueron derivados hasta el Hospital de Temuco.<\/p>\n<p>Personal del SAMU de Temuco y Lautaro trabajaron en el sitio del suceso, sumado a que bomberos de Perquenco, Lautaro, Temuco y Victoria, que ayudaron en las maniobras de emergencia.<\/p>\n<p>Finalmente, el cuerpo de la persona fallecida en la colisi\u00f3n en Perquenco fue trasladado hasta el Servicio M\u00e9dico Legal de Temuco, donde se efectuar\u00e1 el examen de rigor y se confirmar\u00e1 su identidad.<\/p>\n","protected":false},"excerpt":{"rendered":"<p>Una persona fallecida dej\u00f3 un accidente vehicular ocurrido la madrugada de este jueves en Perquenco, regi\u00f3n de La<\/p>\n","protected":false},"author":1,"featured_media":0,"comment_status":"open","ping_status":"open","sticky":false,"template":"","format":"standard","meta":{"_jetpack_memberships_contains_paid_content":false,"footnotes":"","jetpack_publicize_message":"","jetpack_publicize_feature_enabled":true,"jetpack_social_post_already_shared":true,"jetpack_social_options":{"image_generator_settings":{"template":"highway","default_image_id":0,"font":"","enabled":false},"version":2}},"categories":[1,51],"tags":[],"class_list":["post-16101","post","type-post","status-publish","format-standard","hentry","category-sin-categoria","category-nacional"],"jetpack_publicize_connections":[],"jetpack_featured_media_url":"","jetpack_sharing_enabled":true,"_links":{"self":[{"href":"https:\/\/admirable.cl\/index.php?rest_route=\/wp\/v2\/posts\/16101","targetHints":{"allow":["GET"]}}],"collection":[{"href":"https:\/\/admirable.cl\/index.php?rest_route=\/wp\/v2\/posts"}],"about":[{"href":"https:\/\/admirable.cl\/index.php?rest_route=\/wp\/v2\/types\/post"}],"author":[{"embeddable":true,"href":"https:\/\/admirable.cl\/index.php?rest_route=\/wp\/v2\/users\/1"}],"replies":[{"embeddable":true,"href":"https:\/\/admirable.cl\/index.php?rest_route=%2Fwp%2Fv2%2Fcomments&post=16101"}],"version-history":[{"count":1,"href":"https:\/\/admirable.cl\/index.php?rest_route=\/wp\/v2\/posts\/16101\/revisions"}],"predecessor-version":[{"id":16104,"href":"https:\/\/admirable.cl\/index.php?rest_route=\/wp\/v2\/posts\/16101\/revisions\/16104"}],"wp:attachment":[{"href":"https:\/\/admirable.cl\/index.php?rest_route=%2Fwp%2Fv2%2Fmedia&parent=16101"}],"wp:term":[{"taxonomy":"category","embeddable":true,"href":"https:\/\/admirable.cl\/index.php?rest_route=%2Fwp%2Fv2%2Fcategories&post=16101"},{"taxonomy":"post_tag","embeddable":true,"href":"https:\/\/admirable.cl\/index.php?rest_route=%2Fwp%2Fv2%2Ftags&post=16101"}],"curies":[{"name":"wp","href":"https:\/\/api.w.org\/{rel}","templated":true}]}}