{"id":16127,"date":"2025-02-25T00:52:22","date_gmt":"2025-02-25T00:52:22","guid":{"rendered":"https:\/\/admirable.cl\/?p=16127"},"modified":"2025-02-25T00:52:22","modified_gmt":"2025-02-25T00:52:22","slug":"detienen-a-padre-e-hijo-por-doble-homicidio-en-nueva-imperial","status":"publish","type":"post","link":"https:\/\/admirable.cl\/?p=16127","title":{"rendered":"Detienen a padre e hijo por doble homicidio en Nueva Imperial"},"content":{"rendered":"<p><strong>Los sospechosos fueron arrestados en Santiago tras un operativo de la PDI. La tragedia ocurri\u00f3 luego de una discusi\u00f3n en una fiesta posterior a un partido de f\u00fatbol.<\/strong><\/p>\n<p>Lo que comenz\u00f3 como una celebraci\u00f3n tras un encuentro deportivo en Nueva Imperial termin\u00f3 en tragedia. La noche del domingo 16 de febrero, en el sector Los Boldos, una discusi\u00f3n escal\u00f3 hasta convertirse en un violento altercado que dej\u00f3 dos personas muertas y una tercera gravemente herida.<\/p>\n<p>Seg\u00fan las investigaciones realizadas por la Brigada de Homicidios de Temuco en conjunto con la Fiscal\u00eda Local, los presuntos responsables del crimen fueron un padre y su hijo, ambos sin antecedentes penales. Tras el ataque, los sujetos abandonaron la comuna y viajaron hasta Santiago con la intenci\u00f3n de evadir la justicia. Sin embargo, las diligencias policiales permitieron rastrearlos y detenerlos en la Regi\u00f3n Metropolitana.<\/p>\n<p>Los testigos del incidente relataron que, tras la finalizaci\u00f3n del partido de f\u00fatbol, varios asistentes se reunieron para continuar la jornada con bebidas alcoh\u00f3licas. Fue en ese contexto cuando se gener\u00f3 una discusi\u00f3n entre los ahora imputados y algunas de las v\u00edctimas. Lo que parec\u00eda una ri\u00f1a com\u00fan pronto se torn\u00f3 fatal: los agresores extrajeron un arma cortopunzante y atacaron a sus oponentes, provocando la muerte de dos hombres y dejando a un tercero hospitalizado.<\/p>\n<p>Tras su detenci\u00f3n, la fiscal de Nueva Imperial orden\u00f3 que los sospechosos fueran presentados ante el Juzgado de Garant\u00eda en la comuna donde fueron capturados. Posteriormente, se solicitar\u00e1 su traslado al Juzgado de Garant\u00eda de Imperial para llevar a cabo su formalizaci\u00f3n. La comunidad, impactada por lo ocurrido, espera que la justicia esclarezca los hechos y que los responsables enfrenten las consecuencias de sus actos.<\/p>\n<p>Fuente: soychile<\/p>\n","protected":false},"excerpt":{"rendered":"<p>Los sospechosos fueron arrestados en Santiago tras un operativo de la PDI. La tragedia ocurri\u00f3 luego de una<\/p>\n","protected":false},"author":1,"featured_media":0,"comment_status":"open","ping_status":"open","sticky":false,"template":"","format":"standard","meta":{"_jetpack_memberships_contains_paid_content":false,"footnotes":"","jetpack_publicize_message":"","jetpack_publicize_feature_enabled":true,"jetpack_social_post_already_shared":true,"jetpack_social_options":{"image_generator_settings":{"template":"highway","default_image_id":0,"font":"","enabled":false},"version":2}},"categories":[1,51],"tags":[],"class_list":["post-16127","post","type-post","status-publish","format-standard","hentry","category-sin-categoria","category-nacional"],"jetpack_publicize_connections":[],"jetpack_featured_media_url":"","jetpack_sharing_enabled":true,"_links":{"self":[{"href":"https:\/\/admirable.cl\/index.php?rest_route=\/wp\/v2\/posts\/16127","targetHints":{"allow":["GET"]}}],"collection":[{"href":"https:\/\/admirable.cl\/index.php?rest_route=\/wp\/v2\/posts"}],"about":[{"href":"https:\/\/admirable.cl\/index.php?rest_route=\/wp\/v2\/types\/post"}],"author":[{"embeddable":true,"href":"https:\/\/admirable.cl\/index.php?rest_route=\/wp\/v2\/users\/1"}],"replies":[{"embeddable":true,"href":"https:\/\/admirable.cl\/index.php?rest_route=%2Fwp%2Fv2%2Fcomments&post=16127"}],"version-history":[{"count":1,"href":"https:\/\/admirable.cl\/index.php?rest_route=\/wp\/v2\/posts\/16127\/revisions"}],"predecessor-version":[{"id":16129,"href":"https:\/\/admirable.cl\/index.php?rest_route=\/wp\/v2\/posts\/16127\/revisions\/16129"}],"wp:attachment":[{"href":"https:\/\/admirable.cl\/index.php?rest_route=%2Fwp%2Fv2%2Fmedia&parent=16127"}],"wp:term":[{"taxonomy":"category","embeddable":true,"href":"https:\/\/admirable.cl\/index.php?rest_route=%2Fwp%2Fv2%2Fcategories&post=16127"},{"taxonomy":"post_tag","embeddable":true,"href":"https:\/\/admirable.cl\/index.php?rest_route=%2Fwp%2Fv2%2Ftags&post=16127"}],"curies":[{"name":"wp","href":"https:\/\/api.w.org\/{rel}","templated":true}]}}