{"id":17692,"date":"2026-01-05T14:14:48","date_gmt":"2026-01-05T14:14:48","guid":{"rendered":"https:\/\/admirable.cl\/?p=17692"},"modified":"2026-01-05T14:14:48","modified_gmt":"2026-01-05T14:14:48","slug":"pdi-temuco-detiene-a-imputado-por-homicidio-ocurrido-el-1-de-enero-en-la-capital-regional","status":"publish","type":"post","link":"https:\/\/admirable.cl\/?p=17692","title":{"rendered":"PDI Temuco detiene a imputado por homicidio ocurrido el 1 de enero en la capital regional"},"content":{"rendered":"<p><strong>La Brigada de Homicidios de la PDI Temuco detuvo a un sujeto de 40 a\u00f1os, imputado por su presunta responsabilidad en un homicidio ocurrido la tarde del 1 de enero de 2026, en la comuna de Temuco.<\/strong><\/p>\n<p><strong>Antecedente del hecho: <\/strong>De acuerdo con los antecedentes investigativos, la v\u00edctima se encontraba en la v\u00eda p\u00fablica, en las afueras de su domicilio, cuando sostuvo una discusi\u00f3n con un transe\u00fante, quien lo agredi\u00f3 con un elemento cortante para luego huir del lugar.<\/p>\n<p>La persona herida fue trasladada al Hospital Regional, donde posteriormente falleci\u00f3 debido a la gravedad de sus lesiones.<\/p>\n<p><strong>Investigaci\u00f3n\u00a0 y Detenci\u00f3n: <\/strong>Desde ocurrido el hecho, personal especializado de la PDI realiz\u00f3 trabajo en el sitio del suceso, levantamiento de evidencias y entrevistas a testigos, logrando establecer la identidad del presunto autor.<\/p>\n<p>Gracias a estas diligencias y al an\u00e1lisis criminal desarrollado por la Brigada de Homicidios, durante la jornada del 4 de enero se concret\u00f3 la detenci\u00f3n del imputado, en cumplimiento de una orden judicial emanada del Juzgado de Garant\u00eda de Temuco. Asi lo dio a conocer el <strong>subprefecto Sergio Alarcon, jefe de la Brigada de homicidio de Temuco.<\/strong><\/p>\n<audio class=\"wp-audio-shortcode\" id=\"audio-17692-1\" preload=\"none\" style=\"width: 100%;\" controls=\"controls\"><source type=\"audio\/mpeg\" src=\"https:\/\/admirable.cl\/wp-content\/uploads\/2026\/01\/WhatsApp-Audio-2026-01-05-at-09.09.10-online-audio-converter.com_.mp3?_=1\" \/><a href=\"https:\/\/admirable.cl\/wp-content\/uploads\/2026\/01\/WhatsApp-Audio-2026-01-05-at-09.09.10-online-audio-converter.com_.mp3\">https:\/\/admirable.cl\/wp-content\/uploads\/2026\/01\/WhatsApp-Audio-2026-01-05-at-09.09.10-online-audio-converter.com_.mp3<\/a><\/audio>\n<p><strong>Situaci\u00f3n<\/strong><strong> Procesal: <\/strong>El detenido ser\u00e1 puesto a disposici\u00f3n del Tribunal para su respectivo control de detenci\u00f3n, mientras el equipo investigativo contin\u00faa desarrollando diligencias para esclarecer completamente la din\u00e1mica del hecho y aportar nuevos antecedentes a la Fiscal\u00eda.<\/p>\n","protected":false},"excerpt":{"rendered":"<p>La Brigada de Homicidios de la PDI Temuco detuvo a un sujeto de 40 a\u00f1os, imputado por su<\/p>\n","protected":false},"author":1,"featured_media":17694,"comment_status":"open","ping_status":"open","sticky":false,"template":"","format":"standard","meta":{"_jetpack_memberships_contains_paid_content":false,"footnotes":"","jetpack_publicize_message":"","jetpack_publicize_feature_enabled":true,"jetpack_social_post_already_shared":true,"jetpack_social_options":{"image_generator_settings":{"template":"highway","default_image_id":0,"font":"","enabled":false},"version":2}},"categories":[1,2],"tags":[],"class_list":["post-17692","post","type-post","status-publish","format-standard","has-post-thumbnail","hentry","category-sin-categoria","category-policial"],"jetpack_publicize_connections":[],"jetpack_featured_media_url":"https:\/\/admirable.cl\/wp-content\/uploads\/2026\/01\/WhatsApp-Image-2026-01-05-at-09.07.57.jpeg","jetpack_sharing_enabled":true,"_links":{"self":[{"href":"https:\/\/admirable.cl\/index.php?rest_route=\/wp\/v2\/posts\/17692","targetHints":{"allow":["GET"]}}],"collection":[{"href":"https:\/\/admirable.cl\/index.php?rest_route=\/wp\/v2\/posts"}],"about":[{"href":"https:\/\/admirable.cl\/index.php?rest_route=\/wp\/v2\/types\/post"}],"author":[{"embeddable":true,"href":"https:\/\/admirable.cl\/index.php?rest_route=\/wp\/v2\/users\/1"}],"replies":[{"embeddable":true,"href":"https:\/\/admirable.cl\/index.php?rest_route=%2Fwp%2Fv2%2Fcomments&post=17692"}],"version-history":[{"count":1,"href":"https:\/\/admirable.cl\/index.php?rest_route=\/wp\/v2\/posts\/17692\/revisions"}],"predecessor-version":[{"id":17695,"href":"https:\/\/admirable.cl\/index.php?rest_route=\/wp\/v2\/posts\/17692\/revisions\/17695"}],"wp:featuredmedia":[{"embeddable":true,"href":"https:\/\/admirable.cl\/index.php?rest_route=\/wp\/v2\/media\/17694"}],"wp:attachment":[{"href":"https:\/\/admirable.cl\/index.php?rest_route=%2Fwp%2Fv2%2Fmedia&parent=17692"}],"wp:term":[{"taxonomy":"category","embeddable":true,"href":"https:\/\/admirable.cl\/index.php?rest_route=%2Fwp%2Fv2%2Fcategories&post=17692"},{"taxonomy":"post_tag","embeddable":true,"href":"https:\/\/admirable.cl\/index.php?rest_route=%2Fwp%2Fv2%2Ftags&post=17692"}],"curies":[{"name":"wp","href":"https:\/\/api.w.org\/{rel}","templated":true}]}}