{"id":17700,"date":"2026-01-07T13:36:26","date_gmt":"2026-01-07T13:36:26","guid":{"rendered":"https:\/\/admirable.cl\/?p=17700"},"modified":"2026-01-07T13:37:24","modified_gmt":"2026-01-07T13:37:24","slug":"se-quedo-dormido-al-volante-formalizan-a-conductor-por-fatal-colision-donde-murio-nino-en-villarrica","status":"publish","type":"post","link":"https:\/\/admirable.cl\/?p=17700","title":{"rendered":"Se qued\u00f3 dormido al volante: formalizan a conductor por fatal colisi\u00f3n donde muri\u00f3 ni\u00f1o en Villarrica"},"content":{"rendered":"<p><strong>Por el delito de cuasidelito de homicidio y cuasidelito de lesiones fue formalizado el conductor que provoc\u00f3 una colisi\u00f3n frontal en la ruta que une Villarrica con Freire, en la regi\u00f3n de La Araucan\u00eda, donde muri\u00f3 un ni\u00f1o de 7 a\u00f1os y otras personas resultaron lesionadas.<\/strong><\/p>\n<p>Este fatal incidente vial ocurri\u00f3 el domingo a la altura del kil\u00f3metro 10 de la ruta antes citada y se vieron involucrados tres veh\u00edculos.<\/p>\n<p>Tras lo ocurrido, se concret\u00f3 la formalizaci\u00f3n del conductor acusado, quien est\u00e1 internado en el Hospital de Villarrica tratando sus lesiones.<\/p>\n<p>De acuerdo con la indagatoria, esa jornada, el hombre ven\u00eda manejando desde Santiago, pero sin tener el descanso adecuado, lo que deriv\u00f3 en que se quedara dormido al volante.<\/p>\n<p>As\u00ed lo inform\u00f3 el fiscal jefe de Villarrica, Miguel Rojas, precisando que \u201cel accidente de tr\u00e1nsito se produjo luego que uno de los conductores, producto del cansancio y la falta de descanso, perdiera el control del veh\u00edculo traspasando el eje de la calzada, causando una colisi\u00f3n frontal a alta energ\u00eda\u201d.<\/p>\n<p>\u201cEn este caso no hubo consumo de alcohol, pero s\u00ed una conducci\u00f3n en condiciones f\u00edsicas deficientes producto del cansancio y la fatiga\u201d, indic\u00f3 el persecutor.<\/p>\n<p>En ese mismo contexto, recalc\u00f3 que conducir sin el descanso adecuado \u201ces una conducta irresponsable que puede traer consecuencias fatales\u201d.<\/p>\n<p>El conductor qued\u00f3 con firma quincenal, arraigo nacional y prohibici\u00f3n de acercarse a las v\u00edctimas.<\/p>\n<p>Fuente: Biobiochile<\/p>\n","protected":false},"excerpt":{"rendered":"<p>Por el delito de cuasidelito de homicidio y cuasidelito de lesiones fue formalizado el conductor que provoc\u00f3 una<\/p>\n","protected":false},"author":1,"featured_media":17701,"comment_status":"open","ping_status":"open","sticky":false,"template":"","format":"standard","meta":{"_jetpack_memberships_contains_paid_content":false,"footnotes":"","jetpack_publicize_message":"","jetpack_publicize_feature_enabled":true,"jetpack_social_post_already_shared":true,"jetpack_social_options":{"image_generator_settings":{"template":"highway","default_image_id":0,"font":"","enabled":false},"version":2}},"categories":[1,51],"tags":[],"class_list":["post-17700","post","type-post","status-publish","format-standard","has-post-thumbnail","hentry","category-sin-categoria","category-nacional"],"jetpack_publicize_connections":[],"jetpack_featured_media_url":"https:\/\/admirable.cl\/wp-content\/uploads\/2026\/01\/download.jpg","jetpack_sharing_enabled":true,"_links":{"self":[{"href":"https:\/\/admirable.cl\/index.php?rest_route=\/wp\/v2\/posts\/17700","targetHints":{"allow":["GET"]}}],"collection":[{"href":"https:\/\/admirable.cl\/index.php?rest_route=\/wp\/v2\/posts"}],"about":[{"href":"https:\/\/admirable.cl\/index.php?rest_route=\/wp\/v2\/types\/post"}],"author":[{"embeddable":true,"href":"https:\/\/admirable.cl\/index.php?rest_route=\/wp\/v2\/users\/1"}],"replies":[{"embeddable":true,"href":"https:\/\/admirable.cl\/index.php?rest_route=%2Fwp%2Fv2%2Fcomments&post=17700"}],"version-history":[{"count":3,"href":"https:\/\/admirable.cl\/index.php?rest_route=\/wp\/v2\/posts\/17700\/revisions"}],"predecessor-version":[{"id":17704,"href":"https:\/\/admirable.cl\/index.php?rest_route=\/wp\/v2\/posts\/17700\/revisions\/17704"}],"wp:featuredmedia":[{"embeddable":true,"href":"https:\/\/admirable.cl\/index.php?rest_route=\/wp\/v2\/media\/17701"}],"wp:attachment":[{"href":"https:\/\/admirable.cl\/index.php?rest_route=%2Fwp%2Fv2%2Fmedia&parent=17700"}],"wp:term":[{"taxonomy":"category","embeddable":true,"href":"https:\/\/admirable.cl\/index.php?rest_route=%2Fwp%2Fv2%2Fcategories&post=17700"},{"taxonomy":"post_tag","embeddable":true,"href":"https:\/\/admirable.cl\/index.php?rest_route=%2Fwp%2Fv2%2Ftags&post=17700"}],"curies":[{"name":"wp","href":"https:\/\/api.w.org\/{rel}","templated":true}]}}