{"id":17705,"date":"2026-01-07T13:46:49","date_gmt":"2026-01-07T13:46:49","guid":{"rendered":"https:\/\/admirable.cl\/?p=17705"},"modified":"2026-01-07T13:46:49","modified_gmt":"2026-01-07T13:46:49","slug":"viuda-de-carabinero-que-murio-en-confuso-incidente-en-el-cop-de-ercilla-no-descarta-pedir-exhumacion","status":"publish","type":"post","link":"https:\/\/admirable.cl\/?p=17705","title":{"rendered":"Viuda de carabinero que muri\u00f3 en confuso incidente en el COP de Ercilla no descarta pedir exhumaci\u00f3n"},"content":{"rendered":"<p><strong>La familia del teniente de Carabineros, Robert Ruiz Y\u00e1\u00f1ez, quien falleci\u00f3 tras un confuso incidente ocurrido el 15 de noviembre al interior de la Segunda Comisar\u00eda de Control de Orden P\u00fablico de Pailahueque, en la comuna de Ercilla, no descart\u00f3 solicitar la exhumaci\u00f3n del cuerpo del funcionario policial para someterlo a pericias particulares.<\/strong><\/p>\n<p>La informaci\u00f3n fue confirmada por la viuda del teniente de Carabineros, Mar\u00eda Jos\u00e9 Henr\u00edquez, a Radio B\u00edo B\u00edo en Temuco.<\/p>\n<p>\u201cComo esposa y frente a las dudas que a\u00fan persisten respecto a la muerte de mi marido, me gustar\u00eda se\u00f1alar que hasta este momento no contamos con todos los antecedentes necesarios\u201d, dijo.<\/p>\n<p>Agregando que \u201csin embargo, si estos antecedentes no resultan claros ni suficientes, no descarto solicitar la exhumaci\u00f3n de su cuerpo. Si ello fuera necesario para que se realicen nuevos peritajes t\u00e9cnicos, independientes y objetivos\u201d.<\/p>\n<p>La c\u00f3nyuge del funcionario policial dijo que si bien estos hechos son dolorosos, la decisi\u00f3n busca esclarecer con precisi\u00f3n la causa de muerte de su esposo. Asimismo, reiter\u00f3 que no ten\u00eda motivos para quitarse la vida.<\/p>\n<p><strong>La versi\u00f3n de Carabineros tras muerte de funcionario en confuso incidente en el COP de Ercilla<\/strong><\/p>\n<p>Cabe precisar que la versi\u00f3n que est\u00e1 establecida en documentos de Carabineros indica que el teniente Robert Ruiz forceje\u00f3 con los funcionarios del Servicio de Asuntos Internos mientras era interrogado por la p\u00e9rdida de un fusil desde el COP, con la intenci\u00f3n de arrebatarle el arma a uno de los efectivos.<\/p>\n<p>Al no lograr su objetivo, dice la versi\u00f3n de Carabineros, el teniente se traslad\u00f3 hasta la dependencia del telefonista, le arrebat\u00f3 el arma de servicio y se dispar\u00f3 en la cabeza. <strong>Esta versi\u00f3n ha sido rechazada por la familia del funcionario policial.<\/strong><\/p>\n<p>En tanto, el 12 de enero se realizar\u00e1 \u2014en el Tribunal de Garant\u00eda de Collipulli\u2014 una audiencia para determinar si ser\u00e1 el Ministerio P\u00fablico o la Fiscal\u00eda Militar el organismo competente para indagar la muerte del teniente.<\/p>\n<p>En esta causa tambi\u00e9n hay una investigaci\u00f3n por la p\u00e9rdida de un fusil desde el COP, la que est\u00e1 en manos del fiscal de Collipulli, Carlos Bustos. En ese contexto, hay tres querellas presentadas: dos por delitos de homicidios, y que fueron ingresadas por la familia del funcionario policial, y una tercera del Instituto Nacional de Derechos Humanos por vejaciones injustas.<\/p>\n<p>La nota es de Biobiochile<\/p>\n","protected":false},"excerpt":{"rendered":"<p>La familia del teniente de Carabineros, Robert Ruiz Y\u00e1\u00f1ez, quien falleci\u00f3 tras un confuso incidente ocurrido el 15<\/p>\n","protected":false},"author":1,"featured_media":17706,"comment_status":"open","ping_status":"open","sticky":false,"template":"","format":"standard","meta":{"_jetpack_memberships_contains_paid_content":false,"footnotes":"","jetpack_publicize_message":"","jetpack_publicize_feature_enabled":true,"jetpack_social_post_already_shared":true,"jetpack_social_options":{"image_generator_settings":{"template":"highway","default_image_id":0,"font":"","enabled":false},"version":2}},"categories":[1,51],"tags":[],"class_list":["post-17705","post","type-post","status-publish","format-standard","has-post-thumbnail","hentry","category-sin-categoria","category-nacional"],"jetpack_publicize_connections":[],"jetpack_featured_media_url":"https:\/\/admirable.cl\/wp-content\/uploads\/2026\/01\/carabinero-ercilla.jpg","jetpack_sharing_enabled":true,"_links":{"self":[{"href":"https:\/\/admirable.cl\/index.php?rest_route=\/wp\/v2\/posts\/17705","targetHints":{"allow":["GET"]}}],"collection":[{"href":"https:\/\/admirable.cl\/index.php?rest_route=\/wp\/v2\/posts"}],"about":[{"href":"https:\/\/admirable.cl\/index.php?rest_route=\/wp\/v2\/types\/post"}],"author":[{"embeddable":true,"href":"https:\/\/admirable.cl\/index.php?rest_route=\/wp\/v2\/users\/1"}],"replies":[{"embeddable":true,"href":"https:\/\/admirable.cl\/index.php?rest_route=%2Fwp%2Fv2%2Fcomments&post=17705"}],"version-history":[{"count":1,"href":"https:\/\/admirable.cl\/index.php?rest_route=\/wp\/v2\/posts\/17705\/revisions"}],"predecessor-version":[{"id":17707,"href":"https:\/\/admirable.cl\/index.php?rest_route=\/wp\/v2\/posts\/17705\/revisions\/17707"}],"wp:featuredmedia":[{"embeddable":true,"href":"https:\/\/admirable.cl\/index.php?rest_route=\/wp\/v2\/media\/17706"}],"wp:attachment":[{"href":"https:\/\/admirable.cl\/index.php?rest_route=%2Fwp%2Fv2%2Fmedia&parent=17705"}],"wp:term":[{"taxonomy":"category","embeddable":true,"href":"https:\/\/admirable.cl\/index.php?rest_route=%2Fwp%2Fv2%2Fcategories&post=17705"},{"taxonomy":"post_tag","embeddable":true,"href":"https:\/\/admirable.cl\/index.php?rest_route=%2Fwp%2Fv2%2Ftags&post=17705"}],"curies":[{"name":"wp","href":"https:\/\/api.w.org\/{rel}","templated":true}]}}