{"id":17708,"date":"2026-01-07T21:32:44","date_gmt":"2026-01-07T21:32:44","guid":{"rendered":"https:\/\/admirable.cl\/?p=17708"},"modified":"2026-01-07T21:32:44","modified_gmt":"2026-01-07T21:32:44","slug":"carabineros-sebv-recupera-3-vehiculos-con-encargo-por-robo-uno-mantenia-26-kilos-droga-en-su-interior","status":"publish","type":"post","link":"https:\/\/admirable.cl\/?p=17708","title":{"rendered":"Carabineros SEBV recupera 3 veh\u00edculos con encargo por robo: uno manten\u00eda 26 kilos droga en su interior"},"content":{"rendered":"<p><strong>El primero se trata de una camioneta marca Mitsubishi, modelo L200, color gris que transitaba con placas patentes de confecci\u00f3n artesanal (falsas) y que manten\u00eda encargo por robo de veh\u00edculo motorizado de fecha 19 de noviembre del 2022 en la comuna de Lo Prado, Regi\u00f3n Metropolitana.<\/strong><\/p>\n<p>Fue en calle Colombia con San Fernando y luego de 4 a\u00f1os, que Carabineros ubic\u00f3 el autom\u00f3vil y procedi\u00f3 a la detenci\u00f3n de su conductor, un hombre de 45 a\u00f1os el cual ten\u00eda antecedentes previos por robo en lugar no habitado, contando adem\u00e1s con una orden de detenci\u00f3n vigente.<\/p>\n<p><a href=\"https:\/\/admirable.cl\/wp-content\/uploads\/2026\/01\/WhatsApp-Image-2026-01-07-at-18.29.07.jpeg\"><img loading=\"lazy\" decoding=\"async\" class=\"alignnone size-medium wp-image-17713\" src=\"https:\/\/admirable.cl\/wp-content\/uploads\/2026\/01\/WhatsApp-Image-2026-01-07-at-18.29.07-300x169.jpeg\" alt=\"\" width=\"300\" height=\"169\" srcset=\"https:\/\/admirable.cl\/wp-content\/uploads\/2026\/01\/WhatsApp-Image-2026-01-07-at-18.29.07-300x169.jpeg 300w, https:\/\/admirable.cl\/wp-content\/uploads\/2026\/01\/WhatsApp-Image-2026-01-07-at-18.29.07-1024x576.jpeg 1024w, https:\/\/admirable.cl\/wp-content\/uploads\/2026\/01\/WhatsApp-Image-2026-01-07-at-18.29.07-768x432.jpeg 768w, https:\/\/admirable.cl\/wp-content\/uploads\/2026\/01\/WhatsApp-Image-2026-01-07-at-18.29.07-1536x864.jpeg 1536w, https:\/\/admirable.cl\/wp-content\/uploads\/2026\/01\/WhatsApp-Image-2026-01-07-at-18.29.07.jpeg 1599w\" sizes=\"auto, (max-width: 300px) 100vw, 300px\" \/><\/a><\/p>\n<p>El segundo veh\u00edculo, <strong>un autom\u00f3vil marca Chevrolet modelo Sail<\/strong>, que al igual que el anterior portaba placas patentes falsas y que fue recuperado en la comuna de Victoria, con encargo por robo con intimidaci\u00f3n tambi\u00e9n en la Regi\u00f3n Metropolitana, procediendo a la detenci\u00f3n de su conductor.<\/p>\n<div style=\"width: 640px;\" class=\"wp-video\"><video class=\"wp-video-shortcode\" id=\"video-17708-1\" width=\"640\" height=\"360\" preload=\"metadata\" controls=\"controls\"><source type=\"video\/mp4\" src=\"https:\/\/admirable.cl\/wp-content\/uploads\/2026\/01\/WhatsApp-Video-2026-01-07-at-18.07.54.mp4?_=1\" \/><a href=\"https:\/\/admirable.cl\/wp-content\/uploads\/2026\/01\/WhatsApp-Video-2026-01-07-at-18.07.54.mp4\">https:\/\/admirable.cl\/wp-content\/uploads\/2026\/01\/WhatsApp-Video-2026-01-07-at-18.07.54.mp4<\/a><\/video><\/div>\n<p><strong>Un tercer veh\u00edculo fue recuperado por la Unidad Especializada tras diligencias investigativas y apoyados por Carabineros de la 8\u00aa Comisar\u00eda Temuco<\/strong>, correspondiendo a un Station Wagon marca Toyota, modelo RAV4, el manten\u00eda un encargo vigente con fecha 2 de octubre del pasado a\u00f1o 2025 por un delito de robo con intimidaci\u00f3n cometido en capital regional de La Araucan\u00eda, el cual se encontraba abandonado, cubierto con maleza y sin ocupantes en el sector rural de la capital regional, el cual al ser abierto por personal policial, <strong>se descubre que en su interior hab\u00eda un saco con 26 envoltorios de marihuana.<\/strong><\/p>\n<p>La Coronel Ximena Valle, Prefecto de Caut\u00edn agreg\u00f3 que \u201cse descubrieron los paquetes cada uno con un peso aproximado de 1 kilo, dando un total de 26 kilos y 95 gramos, equivalentes un aval\u00fao de $260 millones de pesos, sacando de circulaci\u00f3n con este operativo 104.380 dosis\u201d.<\/p>\n<div style=\"width: 640px;\" class=\"wp-video\"><video class=\"wp-video-shortcode\" id=\"video-17708-2\" width=\"640\" height=\"361\" preload=\"metadata\" controls=\"controls\"><source type=\"video\/mp4\" src=\"https:\/\/admirable.cl\/wp-content\/uploads\/2026\/01\/WhatsApp-Video-2026-01-07-at-18.07.53.mp4?_=2\" \/><a href=\"https:\/\/admirable.cl\/wp-content\/uploads\/2026\/01\/WhatsApp-Video-2026-01-07-at-18.07.53.mp4\">https:\/\/admirable.cl\/wp-content\/uploads\/2026\/01\/WhatsApp-Video-2026-01-07-at-18.07.53.mp4<\/a><\/video><\/div>\n<p>Por su parte una de las v\u00edctimas viaj\u00f3 desde la Regi\u00f3n Metropolitana hasta la Araucan\u00eda para recibir su veh\u00edculo tras 4 a\u00f1os, el que agradeci\u00f3 la labor policial se\u00f1alando que <strong>\u201cpara nosotros en este nuevo a\u00f1o fue una gran sorpresa cuando supimos que apareci\u00f3. Me lo robaron desde la casa de mi madre en Lo Prado el a\u00f1o 2022 y me llamaron para contarme que hab\u00eda aparecido ac\u00e1 (\u2026) de verdad, agradezco el trabajo de Carabineros de Chile para regres\u00e1rmelo\u201d<\/strong>, puntualiz\u00f3.<\/p>\n<div style=\"width: 640px;\" class=\"wp-video\"><video class=\"wp-video-shortcode\" id=\"video-17708-3\" width=\"640\" height=\"361\" preload=\"metadata\" controls=\"controls\"><source type=\"video\/mp4\" src=\"https:\/\/admirable.cl\/wp-content\/uploads\/2026\/01\/WhatsApp-Video-2026-01-07-at-18.07.53-1.mp4?_=3\" \/><a href=\"https:\/\/admirable.cl\/wp-content\/uploads\/2026\/01\/WhatsApp-Video-2026-01-07-at-18.07.53-1.mp4\">https:\/\/admirable.cl\/wp-content\/uploads\/2026\/01\/WhatsApp-Video-2026-01-07-at-18.07.53-1.mp4<\/a><\/video><\/div>\n<p>Resalt\u00f3 adem\u00e1s que el autom\u00f3vil se manten\u00eda cubierto con maleza cuando fue hallado por los Carabineros \u201ceste veh\u00edculo manten\u00eda encargo por el delito de robo y al revisarlo el personal policial encontr\u00f3 en su interior un saco con una gran cantidad de droga (\u2026) <strong>La droga en este momento est\u00e1 siendo materia de investigaci\u00f3n por parte de unidades especializadas de Carabineros<\/strong>, por lo que no tenemos referencia exacta de su destino, pero probablemente al sector lacustre de nuestra regi\u00f3n por la cantidad de turistas que llegan en estas fechas\u201d, destac\u00f3 la Coronel Valle.<\/p>\n","protected":false},"excerpt":{"rendered":"<p>El primero se trata de una camioneta marca Mitsubishi, modelo L200, color gris que transitaba con placas patentes<\/p>\n","protected":false},"author":1,"featured_media":17712,"comment_status":"open","ping_status":"open","sticky":false,"template":"","format":"standard","meta":{"_jetpack_memberships_contains_paid_content":false,"footnotes":"","jetpack_publicize_message":"","jetpack_publicize_feature_enabled":true,"jetpack_social_post_already_shared":true,"jetpack_social_options":{"image_generator_settings":{"template":"highway","default_image_id":0,"font":"","enabled":false},"version":2}},"categories":[1,2],"tags":[],"class_list":["post-17708","post","type-post","status-publish","format-standard","has-post-thumbnail","hentry","category-sin-categoria","category-policial"],"jetpack_publicize_connections":[],"jetpack_featured_media_url":"https:\/\/admirable.cl\/wp-content\/uploads\/2026\/01\/WhatsApp-Image-2026-01-07-at-18.29.06.jpeg","jetpack_sharing_enabled":true,"_links":{"self":[{"href":"https:\/\/admirable.cl\/index.php?rest_route=\/wp\/v2\/posts\/17708","targetHints":{"allow":["GET"]}}],"collection":[{"href":"https:\/\/admirable.cl\/index.php?rest_route=\/wp\/v2\/posts"}],"about":[{"href":"https:\/\/admirable.cl\/index.php?rest_route=\/wp\/v2\/types\/post"}],"author":[{"embeddable":true,"href":"https:\/\/admirable.cl\/index.php?rest_route=\/wp\/v2\/users\/1"}],"replies":[{"embeddable":true,"href":"https:\/\/admirable.cl\/index.php?rest_route=%2Fwp%2Fv2%2Fcomments&post=17708"}],"version-history":[{"count":1,"href":"https:\/\/admirable.cl\/index.php?rest_route=\/wp\/v2\/posts\/17708\/revisions"}],"predecessor-version":[{"id":17714,"href":"https:\/\/admirable.cl\/index.php?rest_route=\/wp\/v2\/posts\/17708\/revisions\/17714"}],"wp:featuredmedia":[{"embeddable":true,"href":"https:\/\/admirable.cl\/index.php?rest_route=\/wp\/v2\/media\/17712"}],"wp:attachment":[{"href":"https:\/\/admirable.cl\/index.php?rest_route=%2Fwp%2Fv2%2Fmedia&parent=17708"}],"wp:term":[{"taxonomy":"category","embeddable":true,"href":"https:\/\/admirable.cl\/index.php?rest_route=%2Fwp%2Fv2%2Fcategories&post=17708"},{"taxonomy":"post_tag","embeddable":true,"href":"https:\/\/admirable.cl\/index.php?rest_route=%2Fwp%2Fv2%2Ftags&post=17708"}],"curies":[{"name":"wp","href":"https:\/\/api.w.org\/{rel}","templated":true}]}}