{"id":17723,"date":"2026-01-08T15:03:22","date_gmt":"2026-01-08T15:03:22","guid":{"rendered":"https:\/\/admirable.cl\/?p=17723"},"modified":"2026-01-08T15:05:22","modified_gmt":"2026-01-08T15:05:22","slug":"declaran-alerta-roja-para-lonquimay-por-incendio-forestal-amenaza-inminente-a-reserva-alto-bio-bio","status":"publish","type":"post","link":"https:\/\/admirable.cl\/?p=17723","title":{"rendered":"Declaran Alerta Roja para Lonquimay por incendio forestal: amenaza \u00abinminente\u00bb a Reserva Alto B\u00edo B\u00edo"},"content":{"rendered":"<p>El\u00a0<span class=\"destacador destacado\">Servicio Nacional de Prevenci\u00f3n y Respuesta ante Desastres (Senapred) declar\u00f3 la noche de este mi\u00e9rcoles Alerta Roja para Lonquimay<\/span>, debido a un\u00a0<strong>incendio que est\u00e1 amenazando a la Reserva Nacional Alto B\u00edo B\u00edo en el sector sur en lo que corresponde a la comuna<\/strong>.<\/p>\n<p>La medida anunciada por Senapred se da a partir de los antecedentes entregados por la Corporaci\u00f3n Nacional Forestal (Conaf), donde se precisa que si bien el fuego\u00a0<strong>estar\u00eda afectando por ahora 0,01 hect\u00e1reas de superficie de bosque nativo<\/strong>,\u00a0<span class=\"destacador destacado\">representa \u201camenaza inminente\u201d a \u00c1rea Silvestre Protegida (ASP) dentro de los limites de la Reserva Nacional Alto B\u00edo B\u00edo<\/span> en la regi\u00f3n de La Araucan\u00eda.<\/p>\n<p>Por lo tanto, se ha activado este nivel de Alerta Roja para mantener en m\u00e1xima alerta a todos los recursos disponibles terrestres y a\u00e9reos para que, en el primer momento, sea posible combatir con intensidad el foco y evitar que pueda propagarse.<\/p>\n<p>Durante la noche y madrugada se espera que el siniestro no presente un avance importante. Sin embargo, ya hay un desplazamiento al lugar brigadas de Conaf con la finalidad de estar lo m\u00e1s pr\u00f3ximo al punto donde se ha detectado este foco de fuego que tiene bajo riesgo a la <strong>Reserva Nacional Alto B\u00edo B\u00edo<\/strong>.<\/p>\n","protected":false},"excerpt":{"rendered":"<p>El\u00a0Servicio Nacional de Prevenci\u00f3n y Respuesta ante Desastres (Senapred) declar\u00f3 la noche de este mi\u00e9rcoles Alerta Roja para<\/p>\n","protected":false},"author":1,"featured_media":17724,"comment_status":"open","ping_status":"open","sticky":false,"template":"","format":"standard","meta":{"_jetpack_memberships_contains_paid_content":false,"footnotes":"","jetpack_publicize_message":"","jetpack_publicize_feature_enabled":true,"jetpack_social_post_already_shared":true,"jetpack_social_options":{"image_generator_settings":{"template":"highway","default_image_id":0,"font":"","enabled":false},"version":2}},"categories":[1,51],"tags":[],"class_list":["post-17723","post","type-post","status-publish","format-standard","has-post-thumbnail","hentry","category-sin-categoria","category-nacional"],"jetpack_publicize_connections":[],"jetpack_featured_media_url":"https:\/\/admirable.cl\/wp-content\/uploads\/2026\/01\/Incendio_forestal_Lonquimay.jpg","jetpack_sharing_enabled":true,"_links":{"self":[{"href":"https:\/\/admirable.cl\/index.php?rest_route=\/wp\/v2\/posts\/17723","targetHints":{"allow":["GET"]}}],"collection":[{"href":"https:\/\/admirable.cl\/index.php?rest_route=\/wp\/v2\/posts"}],"about":[{"href":"https:\/\/admirable.cl\/index.php?rest_route=\/wp\/v2\/types\/post"}],"author":[{"embeddable":true,"href":"https:\/\/admirable.cl\/index.php?rest_route=\/wp\/v2\/users\/1"}],"replies":[{"embeddable":true,"href":"https:\/\/admirable.cl\/index.php?rest_route=%2Fwp%2Fv2%2Fcomments&post=17723"}],"version-history":[{"count":2,"href":"https:\/\/admirable.cl\/index.php?rest_route=\/wp\/v2\/posts\/17723\/revisions"}],"predecessor-version":[{"id":17726,"href":"https:\/\/admirable.cl\/index.php?rest_route=\/wp\/v2\/posts\/17723\/revisions\/17726"}],"wp:featuredmedia":[{"embeddable":true,"href":"https:\/\/admirable.cl\/index.php?rest_route=\/wp\/v2\/media\/17724"}],"wp:attachment":[{"href":"https:\/\/admirable.cl\/index.php?rest_route=%2Fwp%2Fv2%2Fmedia&parent=17723"}],"wp:term":[{"taxonomy":"category","embeddable":true,"href":"https:\/\/admirable.cl\/index.php?rest_route=%2Fwp%2Fv2%2Fcategories&post=17723"},{"taxonomy":"post_tag","embeddable":true,"href":"https:\/\/admirable.cl\/index.php?rest_route=%2Fwp%2Fv2%2Ftags&post=17723"}],"curies":[{"name":"wp","href":"https:\/\/api.w.org\/{rel}","templated":true}]}}