{"id":18013,"date":"2026-03-05T15:36:05","date_gmt":"2026-03-05T15:36:05","guid":{"rendered":"https:\/\/admirable.cl\/?p=18013"},"modified":"2026-03-05T15:36:05","modified_gmt":"2026-03-05T15:36:05","slug":"carabineros-cop-finaliza-plan-de-seguridad-agroalimentaria-2026-con-mas-de-25-mil-hectareas-cosechadas-y-14-detenidos","status":"publish","type":"post","link":"https:\/\/admirable.cl\/?p=18013","title":{"rendered":"Carabineros COP finaliza Plan de Seguridad Agroalimentaria 2026 con m\u00e1s de 25 mil hect\u00e1reas cosechadas y 14 detenidos"},"content":{"rendered":"<p><strong>Resultados reflejan el s\u00f3lido trabajo de Carabineros y la coordinaci\u00f3n efectiva con Gremios, Gobierno y Ej\u00e9rcito.<\/strong><\/p>\n<p>Con m\u00e1s de 25 mil hect\u00e1reas cosechadas y 14 detenidos, culmin\u00f3 el Plan de Seguridad Agroalimentaria 2026, servicio operativo preventivo que despliega cada a\u00f1o Carabineros de la Zona Control Orden P\u00fablico (COP) e Intervenci\u00f3n Sur durante la temporada de cosecha de granos y frutales en La Araucan\u00eda, con la misi\u00f3n de entregar seguridad principalmente a las personas que viven del rubro agr\u00edcola.<\/p>\n<p>Lo anterior, en coordinaci\u00f3n con gremios productivos de La Araucan\u00eda como es la Sofo y la Asociaci\u00f3n de Agricultores Malleco, adem\u00e1s del Ej\u00e9rcito en el marco del Estado de Excepci\u00f3n Constitucional que rige para la Regi\u00f3n.<\/p>\n<div style=\"width: 640px;\" class=\"wp-video\"><video class=\"wp-video-shortcode\" id=\"video-18013-1\" width=\"640\" height=\"362\" preload=\"metadata\" controls=\"controls\"><source type=\"video\/mp4\" src=\"https:\/\/admirable.cl\/wp-content\/uploads\/2026\/03\/WhatsApp-Video-2026-03-05-at-09.55.13-1.mp4?_=1\" \/><a href=\"https:\/\/admirable.cl\/wp-content\/uploads\/2026\/03\/WhatsApp-Video-2026-03-05-at-09.55.13-1.mp4\">https:\/\/admirable.cl\/wp-content\/uploads\/2026\/03\/WhatsApp-Video-2026-03-05-at-09.55.13-1.mp4<\/a><\/video><\/div>\n<p>El General Cristian Mansilla, Jefe de la Zona COP e Intervenci\u00f3n Sur, precis\u00f3 que las detenciones guardan relaci\u00f3n con delitos de robo y hurto, y que la solides del plan \u201cobedece a un tremendo trabajo de nuestros Carabineros COP gracias a las vigilancias especiales, despliegues, puntos de control y a una muy importante coordinaci\u00f3n con los Gremios agr\u00edcolas, el Gobierno y el Ej\u00e9rcito\u201d agregando que a la labor especializada de Carabineros COP se sum\u00f3 el despliegue de \u201chelic\u00f3ptero, drones e infraestructura blindada\u201d.<\/p>\n<div style=\"width: 640px;\" class=\"wp-video\"><video class=\"wp-video-shortcode\" id=\"video-18013-2\" width=\"640\" height=\"362\" preload=\"metadata\" controls=\"controls\"><source type=\"video\/mp4\" src=\"https:\/\/admirable.cl\/wp-content\/uploads\/2026\/03\/WhatsApp-Video-2026-03-05-at-09.55.11.mp4?_=2\" \/><a href=\"https:\/\/admirable.cl\/wp-content\/uploads\/2026\/03\/WhatsApp-Video-2026-03-05-at-09.55.11.mp4\">https:\/\/admirable.cl\/wp-content\/uploads\/2026\/03\/WhatsApp-Video-2026-03-05-at-09.55.11.mp4<\/a><\/video><\/div>\n<p>Por su parte, en la Provincia de Malleco, Sergio Rebolledo, Ingeniero Agr\u00f3nomo que trabaja en la cosecha de ar\u00e1ndanos, valor\u00f3 el despliegue del Plan de Seguridad Agroalimentaria, \u201cel objetivo principal de nosotros como empresarios agr\u00edcolas siempre ha estado en entregar seguridad a las personas y velar para que la operaci\u00f3n funcione tranquilamente (\u2026) l\u00f3gicamente nos da tranquilidad el contar con la ayuda de<br \/>\nCarabineros con sus rondas diarias, la verdad es que ha sido una ayuda tremenda\u201d.<\/p>\n<div style=\"width: 640px;\" class=\"wp-video\"><video class=\"wp-video-shortcode\" id=\"video-18013-3\" width=\"640\" height=\"332\" preload=\"metadata\" controls=\"controls\"><source type=\"video\/mp4\" src=\"https:\/\/admirable.cl\/wp-content\/uploads\/2026\/03\/WhatsApp-Video-2026-03-05-at-09.55.12.mp4?_=3\" \/><a href=\"https:\/\/admirable.cl\/wp-content\/uploads\/2026\/03\/WhatsApp-Video-2026-03-05-at-09.55.12.mp4\">https:\/\/admirable.cl\/wp-content\/uploads\/2026\/03\/WhatsApp-Video-2026-03-05-at-09.55.12.mp4<\/a><\/video><\/div>\n<p>En tanto, Juan Lobos, encargado predial en la Provincia de Caut\u00edn, valor\u00f3 que \u201cel poder contar con un plan facilita mucho que las personas se puedan sentir m\u00e1s c\u00f3modos y m\u00e1s seguros en su lugar de trabajo durante todo el periodo de cosecha, considerando que es una actividad que se desarrolla lejos de las instalaciones\u201d.<\/p>\n<div style=\"width: 640px;\" class=\"wp-video\"><video class=\"wp-video-shortcode\" id=\"video-18013-4\" width=\"640\" height=\"357\" preload=\"metadata\" controls=\"controls\"><source type=\"video\/mp4\" src=\"https:\/\/admirable.cl\/wp-content\/uploads\/2026\/03\/WhatsApp-Video-2026-03-05-at-09.55.13.mp4?_=4\" \/><a href=\"https:\/\/admirable.cl\/wp-content\/uploads\/2026\/03\/WhatsApp-Video-2026-03-05-at-09.55.13.mp4\">https:\/\/admirable.cl\/wp-content\/uploads\/2026\/03\/WhatsApp-Video-2026-03-05-at-09.55.13.mp4<\/a><\/video><\/div>\n<p>Hay que consignar que en el contexto del Plan de Seguridad Agroalimentaria 2026, Carabineros COP realiz\u00f3 664 controles de identidad y vehiculares, 825 vigilancias especiales y 930 entrevistas, manteniendo una comunicaci\u00f3n permanente con trabajadores, administradores y propietarios de los predios adscritos, para as\u00ed hacer m\u00e1s efectiva la seguridad que otorga este plan de temporada.<\/p>\n","protected":false},"excerpt":{"rendered":"<p>Resultados reflejan el s\u00f3lido trabajo de Carabineros y la coordinaci\u00f3n efectiva con Gremios, Gobierno y Ej\u00e9rcito. Con m\u00e1s<\/p>\n","protected":false},"author":1,"featured_media":18018,"comment_status":"open","ping_status":"open","sticky":false,"template":"","format":"standard","meta":{"_jetpack_memberships_contains_paid_content":false,"footnotes":"","jetpack_publicize_message":"","jetpack_publicize_feature_enabled":true,"jetpack_social_post_already_shared":true,"jetpack_social_options":{"image_generator_settings":{"template":"highway","default_image_id":0,"font":"","enabled":false},"version":2}},"categories":[1,2],"tags":[],"class_list":["post-18013","post","type-post","status-publish","format-standard","has-post-thumbnail","hentry","category-sin-categoria","category-policial"],"jetpack_publicize_connections":[],"jetpack_featured_media_url":"https:\/\/admirable.cl\/wp-content\/uploads\/2026\/03\/WhatsApp-Image-2026-03-05-at-09.55.10.jpeg","jetpack_sharing_enabled":true,"_links":{"self":[{"href":"https:\/\/admirable.cl\/index.php?rest_route=\/wp\/v2\/posts\/18013","targetHints":{"allow":["GET"]}}],"collection":[{"href":"https:\/\/admirable.cl\/index.php?rest_route=\/wp\/v2\/posts"}],"about":[{"href":"https:\/\/admirable.cl\/index.php?rest_route=\/wp\/v2\/types\/post"}],"author":[{"embeddable":true,"href":"https:\/\/admirable.cl\/index.php?rest_route=\/wp\/v2\/users\/1"}],"replies":[{"embeddable":true,"href":"https:\/\/admirable.cl\/index.php?rest_route=%2Fwp%2Fv2%2Fcomments&post=18013"}],"version-history":[{"count":1,"href":"https:\/\/admirable.cl\/index.php?rest_route=\/wp\/v2\/posts\/18013\/revisions"}],"predecessor-version":[{"id":18019,"href":"https:\/\/admirable.cl\/index.php?rest_route=\/wp\/v2\/posts\/18013\/revisions\/18019"}],"wp:featuredmedia":[{"embeddable":true,"href":"https:\/\/admirable.cl\/index.php?rest_route=\/wp\/v2\/media\/18018"}],"wp:attachment":[{"href":"https:\/\/admirable.cl\/index.php?rest_route=%2Fwp%2Fv2%2Fmedia&parent=18013"}],"wp:term":[{"taxonomy":"category","embeddable":true,"href":"https:\/\/admirable.cl\/index.php?rest_route=%2Fwp%2Fv2%2Fcategories&post=18013"},{"taxonomy":"post_tag","embeddable":true,"href":"https:\/\/admirable.cl\/index.php?rest_route=%2Fwp%2Fv2%2Ftags&post=18013"}],"curies":[{"name":"wp","href":"https:\/\/api.w.org\/{rel}","templated":true}]}}