{"id":18022,"date":"2026-03-05T16:36:30","date_gmt":"2026-03-05T16:36:30","guid":{"rendered":"https:\/\/admirable.cl\/?p=18022"},"modified":"2026-03-05T16:36:30","modified_gmt":"2026-03-05T16:36:30","slug":"detienen-a-hombre-con-mas-de-2-kilos-de-cocaina-en-la-araucania","status":"publish","type":"post","link":"https:\/\/admirable.cl\/?p=18022","title":{"rendered":"Detienen a hombre con m\u00e1s de 2 kilos de coca\u00edna en La Araucan\u00eda"},"content":{"rendered":"<p><strong>Personal de la Polic\u00eda de Investigaciones en Pitrufqu\u00e9n, en la regi\u00f3n de La Araucan\u00eda, logr\u00f3 la detenci\u00f3n de un sujeto sorprendido con m\u00e1s de 2 kilos de coca\u00edna.<\/strong><\/p>\n<p>Fueron detectives de la Brigada de Investigaci\u00f3n Criminal (Bicrim) de Pitrufqu\u00e9n quienes, mientras realizaban rondas en distintos sectores de la comuna, observaron a un sujeto que, portando una mochila, abord\u00f3 un veh\u00edculo estacionado en las afueras de una vivienda.<\/p>\n<p><a href=\"https:\/\/admirable.cl\/wp-content\/uploads\/2026\/03\/WhatsApp-Image-2026-03-05-at-13.34.34.jpeg\"><img loading=\"lazy\" decoding=\"async\" class=\"alignnone size-medium wp-image-18024\" src=\"https:\/\/admirable.cl\/wp-content\/uploads\/2026\/03\/WhatsApp-Image-2026-03-05-at-13.34.34-300x161.jpeg\" alt=\"\" width=\"300\" height=\"161\" srcset=\"https:\/\/admirable.cl\/wp-content\/uploads\/2026\/03\/WhatsApp-Image-2026-03-05-at-13.34.34-300x161.jpeg 300w, https:\/\/admirable.cl\/wp-content\/uploads\/2026\/03\/WhatsApp-Image-2026-03-05-at-13.34.34-1024x551.jpeg 1024w, https:\/\/admirable.cl\/wp-content\/uploads\/2026\/03\/WhatsApp-Image-2026-03-05-at-13.34.34-768x413.jpeg 768w, https:\/\/admirable.cl\/wp-content\/uploads\/2026\/03\/WhatsApp-Image-2026-03-05-at-13.34.34.jpeg 1080w\" sizes=\"auto, (max-width: 300px) 100vw, 300px\" \/><\/a><\/p>\n<p>Seg\u00fan detall\u00f3 el subprefecto Jos\u00e9 Luis Lamilla, jefe de la Bicrim, al intentar efectuarle un control de identidad, el hombre huy\u00f3, lo que motiv\u00f3 una persecuci\u00f3n por diversas calles de la comuna, la que termin\u00f3 en un estacionamiento ubicado frente al Liceo Monse\u00f1or Guillermo Hartl.<\/p>\n<p>En el procedimiento se incautaron m\u00e1s de 2 kilos de coca\u00edna, equivalente a cerca de 6.600 dosis, cuyo aval\u00fao alcanza aproximadamente los 66 millones de pesos.<\/p>\n<p><a href=\"https:\/\/admirable.cl\/wp-content\/uploads\/2026\/03\/WhatsApp-Image-2026-03-05-at-13.35.04.jpeg\"><img loading=\"lazy\" decoding=\"async\" class=\"alignnone size-medium wp-image-18025\" src=\"https:\/\/admirable.cl\/wp-content\/uploads\/2026\/03\/WhatsApp-Image-2026-03-05-at-13.35.04-300x163.jpeg\" alt=\"\" width=\"300\" height=\"163\" srcset=\"https:\/\/admirable.cl\/wp-content\/uploads\/2026\/03\/WhatsApp-Image-2026-03-05-at-13.35.04-300x163.jpeg 300w, https:\/\/admirable.cl\/wp-content\/uploads\/2026\/03\/WhatsApp-Image-2026-03-05-at-13.35.04-1024x558.jpeg 1024w, https:\/\/admirable.cl\/wp-content\/uploads\/2026\/03\/WhatsApp-Image-2026-03-05-at-13.35.04-768x418.jpeg 768w, https:\/\/admirable.cl\/wp-content\/uploads\/2026\/03\/WhatsApp-Image-2026-03-05-at-13.35.04.jpeg 1080w\" sizes=\"auto, (max-width: 300px) 100vw, 300px\" \/><\/a><\/p>\n<p>Adem\u00e1s, se decomis\u00f3 el veh\u00edculo utilizado para el transporte de la droga y dos tel\u00e9fonos celulares.<\/p>\n<p>Por instrucci\u00f3n del Ministerio P\u00fablico, el detenido fue puesto a disposici\u00f3n del Juzgado de Garant\u00eda de Pitrufqu\u00e9n.<\/p>\n<p>&nbsp;<\/p>\n","protected":false},"excerpt":{"rendered":"<p>Personal de la Polic\u00eda de Investigaciones en Pitrufqu\u00e9n, en la regi\u00f3n de La Araucan\u00eda, logr\u00f3 la detenci\u00f3n de<\/p>\n","protected":false},"author":1,"featured_media":18023,"comment_status":"open","ping_status":"open","sticky":false,"template":"","format":"standard","meta":{"_jetpack_memberships_contains_paid_content":false,"footnotes":"","jetpack_publicize_message":"","jetpack_publicize_feature_enabled":true,"jetpack_social_post_already_shared":true,"jetpack_social_options":{"image_generator_settings":{"template":"highway","default_image_id":0,"font":"","enabled":false},"version":2}},"categories":[1,2],"tags":[],"class_list":["post-18022","post","type-post","status-publish","format-standard","has-post-thumbnail","hentry","category-sin-categoria","category-policial"],"jetpack_publicize_connections":[],"jetpack_featured_media_url":"https:\/\/admirable.cl\/wp-content\/uploads\/2026\/03\/WhatsApp-Image-2026-03-05-at-13.34.01.jpeg","jetpack_sharing_enabled":true,"_links":{"self":[{"href":"https:\/\/admirable.cl\/index.php?rest_route=\/wp\/v2\/posts\/18022","targetHints":{"allow":["GET"]}}],"collection":[{"href":"https:\/\/admirable.cl\/index.php?rest_route=\/wp\/v2\/posts"}],"about":[{"href":"https:\/\/admirable.cl\/index.php?rest_route=\/wp\/v2\/types\/post"}],"author":[{"embeddable":true,"href":"https:\/\/admirable.cl\/index.php?rest_route=\/wp\/v2\/users\/1"}],"replies":[{"embeddable":true,"href":"https:\/\/admirable.cl\/index.php?rest_route=%2Fwp%2Fv2%2Fcomments&post=18022"}],"version-history":[{"count":1,"href":"https:\/\/admirable.cl\/index.php?rest_route=\/wp\/v2\/posts\/18022\/revisions"}],"predecessor-version":[{"id":18026,"href":"https:\/\/admirable.cl\/index.php?rest_route=\/wp\/v2\/posts\/18022\/revisions\/18026"}],"wp:featuredmedia":[{"embeddable":true,"href":"https:\/\/admirable.cl\/index.php?rest_route=\/wp\/v2\/media\/18023"}],"wp:attachment":[{"href":"https:\/\/admirable.cl\/index.php?rest_route=%2Fwp%2Fv2%2Fmedia&parent=18022"}],"wp:term":[{"taxonomy":"category","embeddable":true,"href":"https:\/\/admirable.cl\/index.php?rest_route=%2Fwp%2Fv2%2Fcategories&post=18022"},{"taxonomy":"post_tag","embeddable":true,"href":"https:\/\/admirable.cl\/index.php?rest_route=%2Fwp%2Fv2%2Ftags&post=18022"}],"curies":[{"name":"wp","href":"https:\/\/api.w.org\/{rel}","templated":true}]}}