{"id":18027,"date":"2026-03-05T16:45:59","date_gmt":"2026-03-05T16:45:59","guid":{"rendered":"https:\/\/admirable.cl\/?p=18027"},"modified":"2026-03-05T16:45:59","modified_gmt":"2026-03-05T16:45:59","slug":"iran-amenaza-con-ataques-mas-intensos-mientras-ayatola-pide-derramar-la-sangre-de-trump-e-israelies","status":"publish","type":"post","link":"https:\/\/admirable.cl\/?p=18027","title":{"rendered":"Ir\u00e1n amenaza con ataques \u00abm\u00e1s intensos\u00bb mientras ayatol\u00e1 pide derramar la sangre de Trump e israel\u00edes"},"content":{"rendered":"<p><strong>El Ej\u00e9rcito de Ir\u00e1n amenaz\u00f3 con intensificar sus ataques en medio de la escala b\u00e9lica en Medio Oriente que ya cumple seis d\u00edas.<\/strong><\/p>\n<p>A trav\u00e9s de la agencia estatal iran\u00ed Fars, un comandante del Cuerpo de la Guardia Revolucionaria asegur\u00f3 que en los pr\u00f3ximos d\u00edas se producir\u00e1n ataques<strong> \u201cm\u00e1s intensos y generalizados\u201d<\/strong> de parte de la Rep\u00fablica Isl\u00e1mica, seg\u00fan detalla CBS.<\/p>\n<p>La advertencia ocurre luego que Teher\u00e1n lanzara durante la madrugada de este jueves una nueva oleada de ataques contra Israel y pa\u00edses del Golfo aliados de Estados Unidos.<\/p>\n<p>Mediante un comunicado, el pa\u00eds persa inform\u00f3 de una \u201coperaci\u00f3n combinada de misiles y drones contra las posiciones\u201d de Israel y de las bases estadounidenses en la regi\u00f3n.<\/p>\n<p>En tanto, la televisi\u00f3n estatal iran\u00ed emiti\u00f3 un mensaje de un ayatol\u00e1 pidiendo el derramamiento de sangre de los israel\u00edes y del presidente <strong>Donald Trump<\/strong>.<\/p>\n<p>\u201cEstamos al borde de una gran prueba y debemos ser cuidadosos para preservar plenamente esta unidad, para preservar plenamente esta alianza\u201d, declar\u00f3 el ayatol\u00e1 Abdollah Javadi Amoli. A su vez, hizo un llamado al \u201cderramamiento de sangre sionista, al derramamiento de sangre de Trump\u201d.<\/p>\n<p>Se trata de una de las pocas declaraciones de los poderosos cl\u00e9rigos isl\u00e1micos iran\u00edes desde el inicio de la guerra.<\/p>\n<p>Este jueves se cumplen seis d\u00edas de ataques iran\u00edes contra diferentes objetivos en respuesta a los bombardeos conjuntos de <strong>EEUU e Israel contra Teher\u00e1n<\/strong>, dejando como saldo la muerte de centenares de personas, incluyendo la del l\u00edder supremo iran\u00ed, el ayatol\u00e1 Ali Jamene\u00ed.<\/p>\n<p>Por su parte, los ataques de Ir\u00e1n han provocado la muerte de seis soldados estadounidenses en Kuwait, donde tambi\u00e9n murieron dos soldados y una ni\u00f1a, as\u00ed como la muerte de diez israel\u00edes durante las primeras oleadas y otra v\u00edctima mortal en Bar\u00e9in.<\/p>\n<p><strong>Ir\u00e1n dice tener el control del estrecho de Ormuz<\/strong><br \/>\nLa Guardia Revolucionaria iran\u00ed asegur\u00f3 este jueves que el estrecho de Ormuz est\u00e1 bajo el control de la Rep\u00fablica Isl\u00e1mica seg\u00fan las leyes internacionales.<\/p>\n<p>Teher\u00e1n adem\u00e1s advirti\u00f3 que las embarcaciones que no cumplan con los protocolos <strong>\u201cpodr\u00edan ser atacados o hundidos\u201d.<\/strong><\/p>\n<p>\u201cConforme a las leyes y resoluciones internacionales en tiempos de guerra las normas de tr\u00e1nsito por el estrecho de Ormuz estar\u00e1n bajo control de la Rep\u00fablica Isl\u00e1mica de Ir\u00e1n\u201d,<strong> dijo el general de brigada Kiumars Heidari, subcomandante de la Base Jatam al Anbiya, el comando central unificado de las Fuerzas Armadas iran\u00edes.<\/strong><\/p>\n<p>El militar a\u00f1adi\u00f3 que su pa\u00eds aplica \u201cprotocolos internacionales\u201d a los buques que transitan por el estrecho.<\/p>\n<p>La ofensiva lanzada por <strong>EEUU e Israel contra Ir\u00e1n ha desatado una crisis en el estrecho de Ormuz,<\/strong> por donde pasa el 20% del crudo mundial.<\/p>\n","protected":false},"excerpt":{"rendered":"<p>El Ej\u00e9rcito de Ir\u00e1n amenaz\u00f3 con intensificar sus ataques en medio de la escala b\u00e9lica en Medio Oriente<\/p>\n","protected":false},"author":1,"featured_media":18028,"comment_status":"open","ping_status":"open","sticky":false,"template":"","format":"standard","meta":{"_jetpack_memberships_contains_paid_content":false,"footnotes":"","jetpack_publicize_message":"","jetpack_publicize_feature_enabled":true,"jetpack_social_post_already_shared":true,"jetpack_social_options":{"image_generator_settings":{"template":"highway","default_image_id":0,"font":"","enabled":false},"version":2}},"categories":[1,10],"tags":[],"class_list":["post-18027","post","type-post","status-publish","format-standard","has-post-thumbnail","hentry","category-sin-categoria","category-internacional"],"jetpack_publicize_connections":[],"jetpack_featured_media_url":"https:\/\/admirable.cl\/wp-content\/uploads\/2026\/03\/ayatola-irani-750x400-1.webp","jetpack_sharing_enabled":true,"_links":{"self":[{"href":"https:\/\/admirable.cl\/index.php?rest_route=\/wp\/v2\/posts\/18027","targetHints":{"allow":["GET"]}}],"collection":[{"href":"https:\/\/admirable.cl\/index.php?rest_route=\/wp\/v2\/posts"}],"about":[{"href":"https:\/\/admirable.cl\/index.php?rest_route=\/wp\/v2\/types\/post"}],"author":[{"embeddable":true,"href":"https:\/\/admirable.cl\/index.php?rest_route=\/wp\/v2\/users\/1"}],"replies":[{"embeddable":true,"href":"https:\/\/admirable.cl\/index.php?rest_route=%2Fwp%2Fv2%2Fcomments&post=18027"}],"version-history":[{"count":1,"href":"https:\/\/admirable.cl\/index.php?rest_route=\/wp\/v2\/posts\/18027\/revisions"}],"predecessor-version":[{"id":18029,"href":"https:\/\/admirable.cl\/index.php?rest_route=\/wp\/v2\/posts\/18027\/revisions\/18029"}],"wp:featuredmedia":[{"embeddable":true,"href":"https:\/\/admirable.cl\/index.php?rest_route=\/wp\/v2\/media\/18028"}],"wp:attachment":[{"href":"https:\/\/admirable.cl\/index.php?rest_route=%2Fwp%2Fv2%2Fmedia&parent=18027"}],"wp:term":[{"taxonomy":"category","embeddable":true,"href":"https:\/\/admirable.cl\/index.php?rest_route=%2Fwp%2Fv2%2Fcategories&post=18027"},{"taxonomy":"post_tag","embeddable":true,"href":"https:\/\/admirable.cl\/index.php?rest_route=%2Fwp%2Fv2%2Ftags&post=18027"}],"curies":[{"name":"wp","href":"https:\/\/api.w.org\/{rel}","templated":true}]}}