{"id":18030,"date":"2026-03-05T16:49:21","date_gmt":"2026-03-05T16:49:21","guid":{"rendered":"https:\/\/admirable.cl\/?p=18030"},"modified":"2026-03-05T16:49:21","modified_gmt":"2026-03-05T16:49:21","slug":"trump-ofrece-amplia-cobertura-aerea-a-la-minoria-kurda-si-se-sublevan-contra-el-regimen-de-iran","status":"publish","type":"post","link":"https:\/\/admirable.cl\/?p=18030","title":{"rendered":"Trump ofrece \u00abamplia cobertura a\u00e9rea\u00bb a la minor\u00eda kurda si se sublevan contra el r\u00e9gimen de Ir\u00e1n"},"content":{"rendered":"<p><strong>El presidente de Estados Unidos,\u00a0Donald Trump, ofreci\u00f3 \u201camplia cobertura a\u00e9rea\u201d, entre otros mecanismos de apoyo, a la minor\u00eda kurda si es que\u00a0se sublevan contra el r\u00e9gimen iran\u00ed.<\/strong><\/p>\n<p>Seg\u00fan detalla\u00a0<a href=\"https:\/\/www.washingtonpost.com\/national-security\/2026\/03\/05\/trump-iran-kurds-iraq\/\" target=\"_blank\" rel=\"noopener\">The Washington Post<\/a>, el mandatario norteamericano mantuvo conversaciones telef\u00f3nicas con altos l\u00edderes kurdos, no s\u00f3lo en Ir\u00e1n sino que tambi\u00e9n en la regi\u00f3n del Kurdist\u00e1n en Irak.<\/p>\n<p>La Administraci\u00f3n Trump estar\u00eda viendo a la oposici\u00f3n interna de Teher\u00e1n como potenciales aliados para un eventual levantamiento, esto mientras -en paralelo- consideran la opci\u00f3n de desplegar tropas terrestres en territorio iran\u00ed.<\/p>\n<p>Fuentes familiarizadas con el tema afirman que Washington solicit\u00f3 a los kurdos iraqu\u00edes que \u201cabran el camino\u201d y \u201cno obstaculicen\u201d a los grupos iran\u00edes en\u00a0<strong>Irak<\/strong>, adem\u00e1s de brindar apoyo log\u00edstico.<\/p>\n<p>Un alto funcionario de la Uni\u00f3n Patri\u00f3tica del Kurdist\u00e1n, uno de los dos principales partidos pol\u00edticos que gobiernan la regi\u00f3n kurda semiaut\u00f3noma de Irak, se\u00f1al\u00f3 que Trump les dijo que \u201clos kurdos deben elegir un bando en esta batalla, ya sea con Estados Unidos e Israel o con Ir\u00e1n\u201d.<\/p>\n<p>Masoud Barzani, jefe del Partido Democr\u00e1tico del Kurdist\u00e1n (KDP), quien tambi\u00e9n fue contactado por Trump, confirm\u00f3 dicho relato, aunque remarc\u00f3 que\u00a0<strong>\u201cno se trata de qui\u00e9n tiene milicias armadas m\u00e1s activas y listas para avanzar hacia Ir\u00e1n, sino de qui\u00e9n tiene m\u00e1s apoyo desde adentro\u201d.<\/strong><\/p>\n<p>Durante muchos a\u00f1os los kurdos iraqu\u00edes han brindado refugio a los iran\u00edes bajo un acuerdo t\u00e1cito de no apoyar ataques directos entre s\u00ed.<\/p>\n<p>Sin embargo, si los esfuerzos b\u00e9licos de Estados Unidos e Israel no tienen \u00e9xito, corren el riesgo de destruir una tenue paz que han mantenido con el r\u00e9gimen iran\u00ed.<\/p>\n<p>Al respecto, la portavoz de la Casa Blanca,\u00a0<strong>Karoline Leavitt<\/strong>, dijo el mi\u00e9rcoles que el presidente Trump \u201cconvers\u00f3 con los l\u00edderes kurdos sobre nuestra base en el norte de Irak\u201d.<\/p>\n<p>Durante su rueda de prensa, Leavitt asever\u00f3 eso s\u00ed que \u201ces completamente falso que se vaya a armar a las fuerzas kurdas con la esperanza de inspirar el levantamiento popular en Ir\u00e1n\u201d.<\/p>\n<p>En tanto, las Fuerzas Armadas iran\u00edes confirmaron este jueves haber lanzado un ataque contra posiciones de grupos kurdos en el Kurdist\u00e1n iraqu\u00ed, en lo que supone una nueva ampliaci\u00f3n de una guerra que llega a su sexto d\u00eda.<\/p>\n<p><strong>\u201cHemos atacado los cuarteles de grupos kurdos opositores en el Kurdist\u00e1n iraqu\u00ed con tres misiles\u201d<\/strong>, inform\u00f3 la Base Jatam al Anbiya, el comando central unificado de las Fuerzas Armadas iran\u00edes.<\/p>\n<p>Con una poblaci\u00f3n estimada entre 25 y 35 millones de personas, repartidos principalmente entre Turqu\u00eda, Irak, Siria e Ir\u00e1n, los kurdos son considerados como el mayor pueblo de Medio Oriente sin Estado propio, consigna la\u00a0<a href=\"https:\/\/www.bbc.com\/mundo\/noticias-internacional-41646871\" target=\"_blank\" rel=\"noopener\">BBC<\/a>.<\/p>\n<p>&nbsp;<\/p>\n","protected":false},"excerpt":{"rendered":"<p>El presidente de Estados Unidos,\u00a0Donald Trump, ofreci\u00f3 \u201camplia cobertura a\u00e9rea\u201d, entre otros mecanismos de apoyo, a la minor\u00eda<\/p>\n","protected":false},"author":1,"featured_media":18031,"comment_status":"open","ping_status":"open","sticky":false,"template":"","format":"standard","meta":{"_jetpack_memberships_contains_paid_content":false,"footnotes":"","jetpack_publicize_message":"","jetpack_publicize_feature_enabled":true,"jetpack_social_post_already_shared":true,"jetpack_social_options":{"image_generator_settings":{"template":"highway","default_image_id":0,"font":"","enabled":false},"version":2}},"categories":[1,10],"tags":[],"class_list":["post-18030","post","type-post","status-publish","format-standard","has-post-thumbnail","hentry","category-sin-categoria","category-internacional"],"jetpack_publicize_connections":[],"jetpack_featured_media_url":"https:\/\/admirable.cl\/wp-content\/uploads\/2026\/03\/donald-trump-750x400-1.jpg","jetpack_sharing_enabled":true,"_links":{"self":[{"href":"https:\/\/admirable.cl\/index.php?rest_route=\/wp\/v2\/posts\/18030","targetHints":{"allow":["GET"]}}],"collection":[{"href":"https:\/\/admirable.cl\/index.php?rest_route=\/wp\/v2\/posts"}],"about":[{"href":"https:\/\/admirable.cl\/index.php?rest_route=\/wp\/v2\/types\/post"}],"author":[{"embeddable":true,"href":"https:\/\/admirable.cl\/index.php?rest_route=\/wp\/v2\/users\/1"}],"replies":[{"embeddable":true,"href":"https:\/\/admirable.cl\/index.php?rest_route=%2Fwp%2Fv2%2Fcomments&post=18030"}],"version-history":[{"count":1,"href":"https:\/\/admirable.cl\/index.php?rest_route=\/wp\/v2\/posts\/18030\/revisions"}],"predecessor-version":[{"id":18032,"href":"https:\/\/admirable.cl\/index.php?rest_route=\/wp\/v2\/posts\/18030\/revisions\/18032"}],"wp:featuredmedia":[{"embeddable":true,"href":"https:\/\/admirable.cl\/index.php?rest_route=\/wp\/v2\/media\/18031"}],"wp:attachment":[{"href":"https:\/\/admirable.cl\/index.php?rest_route=%2Fwp%2Fv2%2Fmedia&parent=18030"}],"wp:term":[{"taxonomy":"category","embeddable":true,"href":"https:\/\/admirable.cl\/index.php?rest_route=%2Fwp%2Fv2%2Fcategories&post=18030"},{"taxonomy":"post_tag","embeddable":true,"href":"https:\/\/admirable.cl\/index.php?rest_route=%2Fwp%2Fv2%2Ftags&post=18030"}],"curies":[{"name":"wp","href":"https:\/\/api.w.org\/{rel}","templated":true}]}}