{"id":18044,"date":"2026-03-06T16:34:36","date_gmt":"2026-03-06T16:34:36","guid":{"rendered":"https:\/\/admirable.cl\/?p=18044"},"modified":"2026-03-06T16:34:36","modified_gmt":"2026-03-06T16:34:36","slug":"frontel-invita-a-cuidar-la-energia-en-el-dia-mundial-de-la-eficiencia-energetica","status":"publish","type":"post","link":"https:\/\/admirable.cl\/?p=18044","title":{"rendered":"Frontel invita a cuidar la energ\u00eda en el D\u00eda Mundial de la Eficiencia Energ\u00e9tica"},"content":{"rendered":"<p><strong>Este recurso esencial para la vida diaria, requiere de un compromiso por un uso responsable y eficiente de todos.<\/strong><\/p>\n<p>Este 5 de marzo 2026, se\u00a0Conmemoro el <strong>D\u00eda Mundial de la Eficiencia Energ\u00e9tica<\/strong>, y es por ello que Frontel invita a la ciudadan\u00eda a hace un uso consciente de la energ\u00eda el\u00e9ctrica, en nuestra vida cotidiana.<\/p>\n<p>Desde la distribuidora hacen un llamado a cambiar peque\u00f1os h\u00e1bitos en grandes cambios, destacando que el uso eficiente de la energ\u00eda no solo contribuye a cuidar el planeta, sino que tambi\u00e9n podr\u00edan significar ahorro mensual en la factura.<\/p>\n<p><strong>Rodrigo Mu\u00f1oz, jefe de Servicio al Cliente de Frontel en Malleco<\/strong>, destac\u00f3 la importancia de conocer el consumo de los dispositivos electr\u00f3nicos de nuestro hogar y optar por aquellos que cuenten con el sello de la SEC y su respectiva rotulaci\u00f3n.<\/p>\n<p><strong>CONSEJOS<\/strong><\/p>\n<p>Desde la distribuidora indicaron que algunos consejos pr\u00e1cticos son: abrir las cortinas y aprovechar la luz natural, preferir ampolletas LED, las que generan ahorro de hasta el 80% de energ\u00eda, y si usan aire acondicionado mantener a una baja temperatura para un uso eficiente.<\/p>\n<p>En el uso de la secadora darle un descanso y aprovechar el calor del sol para secar la ropa, desconectar los artefactos electr\u00f3nicos cuando no se est\u00e9n ocupando o al salir de la casa.<br \/>\n<strong>Otros consejos para ahorrar energ\u00eda el\u00e9ctrica en el hogar son<\/strong>: desenchufar el televisor, la radio y los cargadores de tel\u00e9fono una vez que dejamos de usarlos para evitar el consumo <strong>\u201cvampiro\u201d<\/strong>. Abrir la puerta del refrigerador lo justo y necesario para que no pierda temperatura al interior.<\/p>\n<p>No olvidar utilizar la lavadora con carga completa, reunir la mayor cantidad de prendas de vestir y planchar todo de una vez, llenar el hervidor el\u00e9ctrico y luego conservar el agua en un termo.<\/p>\n<p>Por \u00faltimo, <strong>desde Frontel invitaron a la comunidad a estar informada sobre las iniciativas que lleva adelante la empresa, y el consumo de los artefactos el\u00e9ctricos de la casa<\/strong>. Para m\u00e1s detalles invitaron a seguir las redes sociales de la empresa en Facebook e Instagram.<\/p>\n","protected":false},"excerpt":{"rendered":"<p>Este recurso esencial para la vida diaria, requiere de un compromiso por un uso responsable y eficiente de<\/p>\n","protected":false},"author":1,"featured_media":18045,"comment_status":"open","ping_status":"open","sticky":false,"template":"","format":"standard","meta":{"_jetpack_memberships_contains_paid_content":false,"footnotes":"","jetpack_publicize_message":"","jetpack_publicize_feature_enabled":true,"jetpack_social_post_already_shared":true,"jetpack_social_options":{"image_generator_settings":{"template":"highway","default_image_id":0,"font":"","enabled":false},"version":2}},"categories":[1,51],"tags":[],"class_list":["post-18044","post","type-post","status-publish","format-standard","has-post-thumbnail","hentry","category-sin-categoria","category-nacional"],"jetpack_publicize_connections":[],"jetpack_featured_media_url":"https:\/\/admirable.cl\/wp-content\/uploads\/2026\/03\/GRAFICA-EE.jpeg","jetpack_sharing_enabled":true,"_links":{"self":[{"href":"https:\/\/admirable.cl\/index.php?rest_route=\/wp\/v2\/posts\/18044","targetHints":{"allow":["GET"]}}],"collection":[{"href":"https:\/\/admirable.cl\/index.php?rest_route=\/wp\/v2\/posts"}],"about":[{"href":"https:\/\/admirable.cl\/index.php?rest_route=\/wp\/v2\/types\/post"}],"author":[{"embeddable":true,"href":"https:\/\/admirable.cl\/index.php?rest_route=\/wp\/v2\/users\/1"}],"replies":[{"embeddable":true,"href":"https:\/\/admirable.cl\/index.php?rest_route=%2Fwp%2Fv2%2Fcomments&post=18044"}],"version-history":[{"count":1,"href":"https:\/\/admirable.cl\/index.php?rest_route=\/wp\/v2\/posts\/18044\/revisions"}],"predecessor-version":[{"id":18046,"href":"https:\/\/admirable.cl\/index.php?rest_route=\/wp\/v2\/posts\/18044\/revisions\/18046"}],"wp:featuredmedia":[{"embeddable":true,"href":"https:\/\/admirable.cl\/index.php?rest_route=\/wp\/v2\/media\/18045"}],"wp:attachment":[{"href":"https:\/\/admirable.cl\/index.php?rest_route=%2Fwp%2Fv2%2Fmedia&parent=18044"}],"wp:term":[{"taxonomy":"category","embeddable":true,"href":"https:\/\/admirable.cl\/index.php?rest_route=%2Fwp%2Fv2%2Fcategories&post=18044"},{"taxonomy":"post_tag","embeddable":true,"href":"https:\/\/admirable.cl\/index.php?rest_route=%2Fwp%2Fv2%2Ftags&post=18044"}],"curies":[{"name":"wp","href":"https:\/\/api.w.org\/{rel}","templated":true}]}}