{"id":18047,"date":"2026-03-10T15:42:03","date_gmt":"2026-03-10T15:42:03","guid":{"rendered":"https:\/\/admirable.cl\/?p=18047"},"modified":"2026-03-10T15:42:03","modified_gmt":"2026-03-10T15:42:03","slug":"cambio-de-hora-en-chile-amanecera-mas-tarde-oscurecera-mas-temprano","status":"publish","type":"post","link":"https:\/\/admirable.cl\/?p=18047","title":{"rendered":"Cambio de hora en Chile: \u00bfAmanecer\u00e1 m\u00e1s tarde? \u00bfOscurecer\u00e1 m\u00e1s temprano?"},"content":{"rendered":"<p><strong>Estamos en marzo y ya queda poco para que el verano se termine y demos paso al oto\u00f1o. Despu\u00e9s del solsticio de verano, los d\u00edas se hacen m\u00e1s cortos y eso se est\u00e1 notando cuando despiertas en la ma\u00f1ana, ya que est\u00e1 m\u00e1s oscuro.<\/strong><\/p>\n<p>Con esto llega la primera modificaci\u00f3n horaria del a\u00f1o, <strong>la cual se posiciona tras el \u00faltimo ajuste realizado en septiembre de 2025,<\/strong> donde se dio inicio al horario de verano.<\/p>\n<p>Ahora es el turno del horario de invierno, el cual cambiar\u00e1 la rutina diaria, desde la jornada escolar a la laboral, y tambi\u00e9n los tiempos que las personas destinan a actividades al aire libre.<\/p>\n<p><strong>Cambio de hora en Chile: cu\u00e1ndo comienza el horario de invierno<\/strong><br \/>\nEl cambio de hora en Chile 2026 para pasar al horario de invierno <strong>se realizar\u00e1 el s\u00e1bado 4 de abril.<\/strong><\/p>\n<p>La medianoche del s\u00e1bado 4 de abril los relojes se deber\u00e1n retrasar una hora, lo que marcar\u00e1 el inicio del horario de invierno en gran parte de Chile, con algunas excepciones.<\/p>\n<p>Esto significar\u00e1 ma\u00f1anas m\u00e1s luminosas, aunque adelantar\u00e1 la hora del atardecer, por lo que anochecer\u00e1 m\u00e1s temprano.<\/p>\n<p>En el caso de <strong>Chile Insular, Isla de Pascua e Isla Salas y G\u00f3mez,<\/strong> los relojes se deber\u00e1n modificar a las 22:00 horas del primer s\u00e1bado de abril.<\/p>\n<p>Se\u00f1alar que el cambio del huso horario para pasar a la hora de invierno 2026 es obligatorio en todas las regiones de Chile, excepto en la regi\u00f3n de Ays\u00e9n y la regi\u00f3n de Magallanes y la Ant\u00e1rtica Chilena.<\/p>\n<p><strong>El cambio de hora es una pr\u00e1ctica muy antigua en Chile que busca privilegiar la luz natural durante las primeras horas del d\u00eda. El Decreto 224,<\/strong> firmado por el presidente Gabriel Boric, estableci\u00f3 los cambios de hora hasta abril de 2026, se\u00f1alando que a las 24 horas del primer s\u00e1bado del mes de abril, se atrasar\u00e1 la hora oficial en 60 minutos.<\/p>\n","protected":false},"excerpt":{"rendered":"<p>Estamos en marzo y ya queda poco para que el verano se termine y demos paso al oto\u00f1o.<\/p>\n","protected":false},"author":1,"featured_media":18048,"comment_status":"open","ping_status":"open","sticky":false,"template":"","format":"standard","meta":{"_jetpack_memberships_contains_paid_content":false,"footnotes":"","jetpack_publicize_message":"","jetpack_publicize_feature_enabled":true,"jetpack_social_post_already_shared":true,"jetpack_social_options":{"image_generator_settings":{"template":"highway","default_image_id":0,"font":"","enabled":false},"version":2}},"categories":[1,51],"tags":[],"class_list":["post-18047","post","type-post","status-publish","format-standard","has-post-thumbnail","hentry","category-sin-categoria","category-nacional"],"jetpack_publicize_connections":[],"jetpack_featured_media_url":"https:\/\/admirable.cl\/wp-content\/uploads\/2026\/03\/images.jpg","jetpack_sharing_enabled":true,"_links":{"self":[{"href":"https:\/\/admirable.cl\/index.php?rest_route=\/wp\/v2\/posts\/18047","targetHints":{"allow":["GET"]}}],"collection":[{"href":"https:\/\/admirable.cl\/index.php?rest_route=\/wp\/v2\/posts"}],"about":[{"href":"https:\/\/admirable.cl\/index.php?rest_route=\/wp\/v2\/types\/post"}],"author":[{"embeddable":true,"href":"https:\/\/admirable.cl\/index.php?rest_route=\/wp\/v2\/users\/1"}],"replies":[{"embeddable":true,"href":"https:\/\/admirable.cl\/index.php?rest_route=%2Fwp%2Fv2%2Fcomments&post=18047"}],"version-history":[{"count":1,"href":"https:\/\/admirable.cl\/index.php?rest_route=\/wp\/v2\/posts\/18047\/revisions"}],"predecessor-version":[{"id":18049,"href":"https:\/\/admirable.cl\/index.php?rest_route=\/wp\/v2\/posts\/18047\/revisions\/18049"}],"wp:featuredmedia":[{"embeddable":true,"href":"https:\/\/admirable.cl\/index.php?rest_route=\/wp\/v2\/media\/18048"}],"wp:attachment":[{"href":"https:\/\/admirable.cl\/index.php?rest_route=%2Fwp%2Fv2%2Fmedia&parent=18047"}],"wp:term":[{"taxonomy":"category","embeddable":true,"href":"https:\/\/admirable.cl\/index.php?rest_route=%2Fwp%2Fv2%2Fcategories&post=18047"},{"taxonomy":"post_tag","embeddable":true,"href":"https:\/\/admirable.cl\/index.php?rest_route=%2Fwp%2Fv2%2Ftags&post=18047"}],"curies":[{"name":"wp","href":"https:\/\/api.w.org\/{rel}","templated":true}]}}