{"id":18053,"date":"2026-03-11T14:45:31","date_gmt":"2026-03-11T14:45:31","guid":{"rendered":"https:\/\/admirable.cl\/?p=18053"},"modified":"2026-03-11T14:58:30","modified_gmt":"2026-03-11T14:58:30","slug":"frontel-dio-inicio-a-su-programa-escuela-con-energia-2026-en-las-comunas-cordilleranas-de-cunco-y-melipeuco","status":"publish","type":"post","link":"https:\/\/admirable.cl\/?p=18053","title":{"rendered":"Frontel dio inicio a su programa \u201cEscuela con Energ\u00eda\u201d 2026 en las comunas cordilleranas de Cunco y Melipeuco"},"content":{"rendered":"<p><strong>.- Con el inicio de un nuevo a\u00f1o escolar, Frontel volvi\u00f3 a poner en marcha el programa \u201cEscuela con Energ\u00eda\u201d, una iniciativa que la compa\u00f1\u00eda desarrolla desde 2011 y cuyo objetivo es fortalecer el v\u00ednculo con las comunidades educativas de las distintas comunas donde la distribuidora entrega energ\u00eda el\u00e9ctrica. Este trabajo busca acercarse tanto a los estudiantes como a sus docentes, promoviendo una relaci\u00f3n m\u00e1s directa y cercana.<\/strong><\/p>\n<p>En esta oportunidad ejecutivos de Frontel realizaron un recorrido por distintos establecimientos rurales de la zona, visitando la Escuela Municipal Caren, la Escuela Cumcumllaque y la Escuela Llaima en Melipeuco, adem\u00e1s de la Escuela Qui\u00f1etru en la comuna de Cunco. Durante las actividades, los representantes de la el\u00e9ctrica entregaron a cada estudiante un completo kit escolar compuesto por un morral, una lonchera, cuadernos y un estuche que incluye todos los art\u00edculos necesarios para el a\u00f1o acad\u00e9mico. La iniciativa busca apoyar a las familias en el inicio del periodo escolar y reforzar el compromiso de la empresa con las comunidades educativas del territorio.<\/p>\n<p>El jefe de Servicio al Cliente de Frontel, Nelson S\u00e1nchez, respecto a este programa se\u00f1al\u00f3 que: \u201cTras 14 a\u00f1os de desarrollo de esta iniciativa, hemos podido comprobar lo relevante que resulta para los estudiantes de estos establecimientos contar con implementos que contribuyan a mejorar sus condiciones escolares. Si como compa\u00f1\u00eda podemos aportar a ese objetivo, y hacerlo en di\u00e1logo directo con la comunidad educativa, siempre estaremos disponibles para apoyar. Queremos que comiencen el a\u00f1o escolar con energ\u00eda\u201d.<\/p>\n<p><a href=\"https:\/\/admirable.cl\/wp-content\/uploads\/2026\/03\/Escuela-Cumcumllaque-.jpeg\"><img loading=\"lazy\" decoding=\"async\" class=\"alignnone size-medium wp-image-18055\" src=\"https:\/\/admirable.cl\/wp-content\/uploads\/2026\/03\/Escuela-Cumcumllaque--300x225.jpeg\" alt=\"\" width=\"300\" height=\"225\" srcset=\"https:\/\/admirable.cl\/wp-content\/uploads\/2026\/03\/Escuela-Cumcumllaque--300x225.jpeg 300w, https:\/\/admirable.cl\/wp-content\/uploads\/2026\/03\/Escuela-Cumcumllaque--1024x768.jpeg 1024w, https:\/\/admirable.cl\/wp-content\/uploads\/2026\/03\/Escuela-Cumcumllaque--768x576.jpeg 768w, https:\/\/admirable.cl\/wp-content\/uploads\/2026\/03\/Escuela-Cumcumllaque-.jpeg 1280w\" sizes=\"auto, (max-width: 300px) 100vw, 300px\" \/><\/a><\/p>\n<p>Por su parte, la directora de la Escuela Cumcumllaque de Melipeuco, Pamela Dur\u00e1n, coment\u00f3 que \u201cestoy muy agradecida en nombre de toda la comunidad educativa por este apoyo, pero adem\u00e1s de que ustedes como Frontel se acerquen a nuestra comunidad, la idea es fortalecer lazos, donde la gente tambi\u00e9n pueda consultar sus dudas, y pueda sentir que son un servicio cercano a los vecinos que est\u00e1n preocupados de las necesidades y sobre todo de la educaci\u00f3n\u201d.<\/p>\n<p>En tanto, Juan Carlos Ulloa, profesor encargado de la direcci\u00f3n de la Escuela Qui\u00f1etru de Cunco, respecto a estos aportes manifest\u00f3 que: \u201cLe damos las gracias a Frontel porque permite que los estudiantes que son de escasos recursos puedan contar con estos materiales que ser\u00e1n de gran utilidad para el a\u00f1o escolar\u201d.<\/p>\n<p><a href=\"https:\/\/admirable.cl\/wp-content\/uploads\/2026\/03\/Escuela-LLaima-1-.jpeg\"><img loading=\"lazy\" decoding=\"async\" class=\"alignnone size-medium wp-image-18054\" src=\"https:\/\/admirable.cl\/wp-content\/uploads\/2026\/03\/Escuela-LLaima-1--300x225.jpeg\" alt=\"\" width=\"300\" height=\"225\" srcset=\"https:\/\/admirable.cl\/wp-content\/uploads\/2026\/03\/Escuela-LLaima-1--300x225.jpeg 300w, https:\/\/admirable.cl\/wp-content\/uploads\/2026\/03\/Escuela-LLaima-1--1024x768.jpeg 1024w, https:\/\/admirable.cl\/wp-content\/uploads\/2026\/03\/Escuela-LLaima-1--768x576.jpeg 768w, https:\/\/admirable.cl\/wp-content\/uploads\/2026\/03\/Escuela-LLaima-1-.jpeg 1280w\" sizes=\"auto, (max-width: 300px) 100vw, 300px\" \/><\/a><\/p>\n<p>Cabe destacar que el programa \u201cEscuela con Energ\u00eda\u201d continuar\u00e1 desarroll\u00e1ndose durante marzo y parte de abril, con el objetivo de llegar a m\u00faltiples sectores de alta ruralidad en la Regi\u00f3n de la Araucan\u00eda. La iniciativa busca seguir aportando a las comunidades educativas, entregando apoyo concreto que contribuya a mejorar las condiciones en las que estudian cientos de ni\u00f1os y ni\u00f1as del territorio.<\/p>\n","protected":false},"excerpt":{"rendered":"<p>.- Con el inicio de un nuevo a\u00f1o escolar, Frontel volvi\u00f3 a poner en marcha el programa \u201cEscuela<\/p>\n","protected":false},"author":1,"featured_media":18056,"comment_status":"open","ping_status":"open","sticky":false,"template":"","format":"standard","meta":{"_jetpack_memberships_contains_paid_content":false,"footnotes":"","jetpack_publicize_message":"","jetpack_publicize_feature_enabled":true,"jetpack_social_post_already_shared":true,"jetpack_social_options":{"image_generator_settings":{"template":"highway","default_image_id":0,"font":"","enabled":false},"version":2}},"categories":[1,51],"tags":[],"class_list":["post-18053","post","type-post","status-publish","format-standard","has-post-thumbnail","hentry","category-sin-categoria","category-nacional"],"jetpack_publicize_connections":[],"jetpack_featured_media_url":"https:\/\/admirable.cl\/wp-content\/uploads\/2026\/03\/Escuela-LLaima-.jpeg","jetpack_sharing_enabled":true,"_links":{"self":[{"href":"https:\/\/admirable.cl\/index.php?rest_route=\/wp\/v2\/posts\/18053","targetHints":{"allow":["GET"]}}],"collection":[{"href":"https:\/\/admirable.cl\/index.php?rest_route=\/wp\/v2\/posts"}],"about":[{"href":"https:\/\/admirable.cl\/index.php?rest_route=\/wp\/v2\/types\/post"}],"author":[{"embeddable":true,"href":"https:\/\/admirable.cl\/index.php?rest_route=\/wp\/v2\/users\/1"}],"replies":[{"embeddable":true,"href":"https:\/\/admirable.cl\/index.php?rest_route=%2Fwp%2Fv2%2Fcomments&post=18053"}],"version-history":[{"count":3,"href":"https:\/\/admirable.cl\/index.php?rest_route=\/wp\/v2\/posts\/18053\/revisions"}],"predecessor-version":[{"id":18059,"href":"https:\/\/admirable.cl\/index.php?rest_route=\/wp\/v2\/posts\/18053\/revisions\/18059"}],"wp:featuredmedia":[{"embeddable":true,"href":"https:\/\/admirable.cl\/index.php?rest_route=\/wp\/v2\/media\/18056"}],"wp:attachment":[{"href":"https:\/\/admirable.cl\/index.php?rest_route=%2Fwp%2Fv2%2Fmedia&parent=18053"}],"wp:term":[{"taxonomy":"category","embeddable":true,"href":"https:\/\/admirable.cl\/index.php?rest_route=%2Fwp%2Fv2%2Fcategories&post=18053"},{"taxonomy":"post_tag","embeddable":true,"href":"https:\/\/admirable.cl\/index.php?rest_route=%2Fwp%2Fv2%2Ftags&post=18053"}],"curies":[{"name":"wp","href":"https:\/\/api.w.org\/{rel}","templated":true}]}}