{"id":18066,"date":"2026-03-12T14:45:47","date_gmt":"2026-03-12T14:45:47","guid":{"rendered":"https:\/\/admirable.cl\/?p=18066"},"modified":"2026-03-12T14:47:30","modified_gmt":"2026-03-12T14:47:30","slug":"carabineros-detiene-a-adolescente-que-portaba-dos-armas-de-fuego-y-municiones-en-tijeral","status":"publish","type":"post","link":"https:\/\/admirable.cl\/?p=18066","title":{"rendered":"Carabineros detiene a adolescente que portaba dos armas de fuego y municiones en Tijeral"},"content":{"rendered":"<p><strong>Carabineros del Ret\u00e9n Tijeral, comuna de Renaico, a ra\u00edz de un llamado a la Central de Comunicaciones (Cenco) Malleco, se trasladan hasta calle Santa Teresa con Pasaje El Anhelo, donde un sujeto se encontrar\u00eda efectuando disparos en la v\u00eda p\u00fablica.<\/strong><\/p>\n<p>Al llegar al lugar, en la Villa Tijeral, Carabineros se encuentra con tres sujetos a realiza un control de identidad investigativo, encontrando entre las vestimentas de un adolescente de 17 a\u00f1os, dos armas de fuego y munici\u00f3n.<\/p>\n<p>\u201cConforme a lo anterior, Carabineros logra la incautaci\u00f3n de un armamento de fuego tipo rev\u00f3lver de industria argentina calibre .22, a su vez, una pistola de fogueo de manufactura chilena, adem\u00e1s de munici\u00f3n .22 y 9 mm. de fogueo\u201c\u201d, precis\u00f3 el Subteniente Felipe Montero, Jefe de la Tenencia Suboficial Mayor Breant Rivas Manr\u00edquez.<\/p>\n<audio class=\"wp-audio-shortcode\" id=\"audio-18066-1\" preload=\"none\" style=\"width: 100%;\" controls=\"controls\"><source type=\"audio\/mpeg\" src=\"https:\/\/admirable.cl\/wp-content\/uploads\/2026\/03\/WhatsApp-Audio-2026-03-12-at-11.11.54-online-audio-converter.com_.mp3?_=1\" \/><a href=\"https:\/\/admirable.cl\/wp-content\/uploads\/2026\/03\/WhatsApp-Audio-2026-03-12-at-11.11.54-online-audio-converter.com_.mp3\">https:\/\/admirable.cl\/wp-content\/uploads\/2026\/03\/WhatsApp-Audio-2026-03-12-at-11.11.54-online-audio-converter.com_.mp3<\/a><\/audio>\n<p>Por instrucci\u00f3n de la Fiscal\u00eda, el adolescente detenido pasar\u00e1 a control de detenci\u00f3n este jueves en el Juzgado de Garant\u00eda de Angol.<\/p>\n","protected":false},"excerpt":{"rendered":"<p>Carabineros del Ret\u00e9n Tijeral, comuna de Renaico, a ra\u00edz de un llamado a la Central de Comunicaciones (Cenco)<\/p>\n","protected":false},"author":1,"featured_media":18068,"comment_status":"open","ping_status":"open","sticky":false,"template":"","format":"standard","meta":{"_jetpack_memberships_contains_paid_content":false,"footnotes":"","jetpack_publicize_message":"","jetpack_publicize_feature_enabled":true,"jetpack_social_post_already_shared":true,"jetpack_social_options":{"image_generator_settings":{"template":"highway","default_image_id":0,"font":"","enabled":false},"version":2}},"categories":[1,2],"tags":[],"class_list":["post-18066","post","type-post","status-publish","format-standard","has-post-thumbnail","hentry","category-sin-categoria","category-policial"],"jetpack_publicize_connections":[],"jetpack_featured_media_url":"https:\/\/admirable.cl\/wp-content\/uploads\/2026\/03\/WhatsApp-Image-2026-03-12-at-11.11.53.jpeg","jetpack_sharing_enabled":true,"_links":{"self":[{"href":"https:\/\/admirable.cl\/index.php?rest_route=\/wp\/v2\/posts\/18066","targetHints":{"allow":["GET"]}}],"collection":[{"href":"https:\/\/admirable.cl\/index.php?rest_route=\/wp\/v2\/posts"}],"about":[{"href":"https:\/\/admirable.cl\/index.php?rest_route=\/wp\/v2\/types\/post"}],"author":[{"embeddable":true,"href":"https:\/\/admirable.cl\/index.php?rest_route=\/wp\/v2\/users\/1"}],"replies":[{"embeddable":true,"href":"https:\/\/admirable.cl\/index.php?rest_route=%2Fwp%2Fv2%2Fcomments&post=18066"}],"version-history":[{"count":1,"href":"https:\/\/admirable.cl\/index.php?rest_route=\/wp\/v2\/posts\/18066\/revisions"}],"predecessor-version":[{"id":18069,"href":"https:\/\/admirable.cl\/index.php?rest_route=\/wp\/v2\/posts\/18066\/revisions\/18069"}],"wp:featuredmedia":[{"embeddable":true,"href":"https:\/\/admirable.cl\/index.php?rest_route=\/wp\/v2\/media\/18068"}],"wp:attachment":[{"href":"https:\/\/admirable.cl\/index.php?rest_route=%2Fwp%2Fv2%2Fmedia&parent=18066"}],"wp:term":[{"taxonomy":"category","embeddable":true,"href":"https:\/\/admirable.cl\/index.php?rest_route=%2Fwp%2Fv2%2Fcategories&post=18066"},{"taxonomy":"post_tag","embeddable":true,"href":"https:\/\/admirable.cl\/index.php?rest_route=%2Fwp%2Fv2%2Ftags&post=18066"}],"curies":[{"name":"wp","href":"https:\/\/api.w.org\/{rel}","templated":true}]}}