{"id":18276,"date":"2026-04-27T14:17:16","date_gmt":"2026-04-27T14:17:16","guid":{"rendered":"https:\/\/admirable.cl\/?p=18276"},"modified":"2026-04-27T14:17:16","modified_gmt":"2026-04-27T14:17:16","slug":"ser-carabinero-o-carabinera-es-una-decision-que-implica-renuncias-y-una-conviccion-profunda-de-servicio","status":"publish","type":"post","link":"https:\/\/admirable.cl\/?p=18276","title":{"rendered":"Ser carabinero o carabinera es una decisi\u00f3n que implica renuncias y una convicci\u00f3n profunda de servicio"},"content":{"rendered":"<p><strong>Este 27 de abril, Carabineros de Chile cumple 99 a\u00f1os de historia, de servicio y de entrega, noventa y nueve a\u00f1os en los que hombres y mujeres han decidido voluntariamente dedicar su vida a cuidar la de los dem\u00e1s. Noventa y nueve a\u00f1os caminando junto a Chile, en sus momentos m\u00e1s dif\u00edciles pero tambi\u00e9n en sus mayores esperanzas.<\/strong><\/p>\n<p>Hoy no es un aniversario m\u00e1s.<br \/>\nAl revisar nuestra historia, veo generaciones de carabineros que fueron los cimientos de esta instituci\u00f3n, cimientos construidos con sacrificio, <strong>en silencio, muchas veces lejos de sus hogares, muchas veces arriesg\u00e1ndolo todo<\/strong>. Recordamos con especial recogimiento, a nuestros m\u00e1rtires, quienes ofrendaron su vida en el cumplimiento del deber, ellos no solo son parte de nuestra historia, son el alma de Carabineros de Chile.<\/p>\n<p>Fundamental es observar el presente, en \u00e9l veo a hombres y mujeres que con vocaci\u00f3n genuina contin\u00faan esta obra, <strong>veo al carabinero que patrulla de madrugada, a la carabinera que auxilia y contiene en momentos de angustia, al funcionario que con su presencia devuelve tranquilidad a un ciudadano<\/strong>. En esos gestos cotidianos, muchas veces invisibles, se construye la grandeza de esta instituci\u00f3n.<\/p>\n<p><strong>Ser carabinero o carabinera es una decisi\u00f3n que implica renuncias y una convicci\u00f3n profunda de servicio, por eso, hoy quiero decirlo con claridad.<\/strong>, Chile necesita de su entrega, de su profesionalismo y sobre todo, de su humanidad.<br \/>\nA nuestras familias, quiero expresarles un reconocimiento especial. Ustedes son el soporte silencioso, el abrazo que espera en el calor del hogar, la fortaleza que sostiene, sin ustedes, esta vocaci\u00f3n ser\u00eda mucho m\u00e1s dif\u00edcil de llevar.<\/p>\n<p>Hoy, <strong>al cumplir 99 a\u00f1os, no solo celebramos nuestra historia, sino que renovamos un compromiso<\/strong>, el compromiso de seguir avanzando hacia nuestro centenario con m\u00e1s vocaci\u00f3n, m\u00e1s cercan\u00eda y valoraci\u00f3n de la comunidad, m\u00e1s respeto por la dignidad de cada persona y m\u00e1s orgullo por lo que somos.<\/p>\n<p><strong>El camino al centenario no es solo una meta en el tiempo,<\/strong> es una oportunidad para proyectar lo mejor de nosotros hacia el futuro, para consolidar una instituci\u00f3n cada vez m\u00e1s cercana, que se moderniza d\u00eda a d\u00eda, m\u00e1s profesional y sobre todo, m\u00e1s comprometida con Chile.<\/p>\n<p>Estamos a las puertas de nuestro centenario y eso nos invita a mirar hacia atr\u00e1s con respeto y hacia adelante con renovada responsabilidad,<strong> espero que estos 99 a\u00f1os nos reconecten con qui\u00e9nes somos y que el camino al centenario nos inspire a ser a\u00fan mejores<\/strong>.<\/p>\n<p>\u00a1Viva Carabineros de Chile!<br \/>\nMiguel Herrera Jorquera<br \/>\n<strong>General de Carabineros<\/strong><br \/>\n<strong>Jefe Zona Araucan\u00eda<\/strong><\/p>\n","protected":false},"excerpt":{"rendered":"<p>Este 27 de abril, Carabineros de Chile cumple 99 a\u00f1os de historia, de servicio y de entrega, noventa<\/p>\n","protected":false},"author":1,"featured_media":18277,"comment_status":"open","ping_status":"open","sticky":false,"template":"","format":"standard","meta":{"_jetpack_memberships_contains_paid_content":false,"footnotes":"","jetpack_publicize_message":"","jetpack_publicize_feature_enabled":true,"jetpack_social_post_already_shared":true,"jetpack_social_options":{"image_generator_settings":{"template":"highway","default_image_id":0,"font":"","enabled":false},"version":2}},"categories":[1,2],"tags":[],"class_list":["post-18276","post","type-post","status-publish","format-standard","has-post-thumbnail","hentry","category-sin-categoria","category-policial"],"jetpack_publicize_connections":[],"jetpack_featured_media_url":"https:\/\/admirable.cl\/wp-content\/uploads\/2026\/04\/WhatsApp-Image-2026-04-24-at-12.28.39.jpeg","jetpack_sharing_enabled":true,"_links":{"self":[{"href":"https:\/\/admirable.cl\/index.php?rest_route=\/wp\/v2\/posts\/18276","targetHints":{"allow":["GET"]}}],"collection":[{"href":"https:\/\/admirable.cl\/index.php?rest_route=\/wp\/v2\/posts"}],"about":[{"href":"https:\/\/admirable.cl\/index.php?rest_route=\/wp\/v2\/types\/post"}],"author":[{"embeddable":true,"href":"https:\/\/admirable.cl\/index.php?rest_route=\/wp\/v2\/users\/1"}],"replies":[{"embeddable":true,"href":"https:\/\/admirable.cl\/index.php?rest_route=%2Fwp%2Fv2%2Fcomments&post=18276"}],"version-history":[{"count":1,"href":"https:\/\/admirable.cl\/index.php?rest_route=\/wp\/v2\/posts\/18276\/revisions"}],"predecessor-version":[{"id":18278,"href":"https:\/\/admirable.cl\/index.php?rest_route=\/wp\/v2\/posts\/18276\/revisions\/18278"}],"wp:featuredmedia":[{"embeddable":true,"href":"https:\/\/admirable.cl\/index.php?rest_route=\/wp\/v2\/media\/18277"}],"wp:attachment":[{"href":"https:\/\/admirable.cl\/index.php?rest_route=%2Fwp%2Fv2%2Fmedia&parent=18276"}],"wp:term":[{"taxonomy":"category","embeddable":true,"href":"https:\/\/admirable.cl\/index.php?rest_route=%2Fwp%2Fv2%2Fcategories&post=18276"},{"taxonomy":"post_tag","embeddable":true,"href":"https:\/\/admirable.cl\/index.php?rest_route=%2Fwp%2Fv2%2Ftags&post=18276"}],"curies":[{"name":"wp","href":"https:\/\/api.w.org\/{rel}","templated":true}]}}