{"id":18282,"date":"2026-04-27T17:11:58","date_gmt":"2026-04-27T17:11:58","guid":{"rendered":"https:\/\/admirable.cl\/?p=18282"},"modified":"2026-04-27T17:11:58","modified_gmt":"2026-04-27T17:11:58","slug":"rachas-de-hasta-80-km-h-emiten-avisos-meteorologicos-por-viento-y-lluvia-para-el-centro-y-sur","status":"publish","type":"post","link":"https:\/\/admirable.cl\/?p=18282","title":{"rendered":"Rachas de hasta 80 Km\/h: emiten avisos meteorol\u00f3gicos por viento y lluvia para el centro y sur"},"content":{"rendered":"<p><strong>La Direcci\u00f3n Meteorol\u00f3gica de Chile (DMC) emiti\u00f3 una serie de Avisos Meteorol\u00f3gicos para este martes en la zona centro y sur de nuestro pa\u00eds, los que incluyen precipitaciones y viento.<\/strong><\/p>\n<p>A ra\u00edz de este sistema frontal, el Servicio Nacional de Prevenci\u00f3n y Respuesta ante Desastres (Senapred) mantiene alertas tempranas preventivas para las regiones del B\u00edo B\u00edo, Los R\u00edos y Los Lagos.<\/p>\n<p>Viento normal a moderado: Aviso Meteorol\u00f3gico desde el Maule hasta el B\u00edo B\u00edo<br \/>\nSeg\u00fan el organismo, se espera una condici\u00f3n sin\u00f3ptica de sistema frontal desde la tarde de este martes 28 de abril hasta la madrugada del mi\u00e9rcoles 29 del mismo mes.<\/p>\n<p>Las zonas afectadas son las siguientes:<\/p>\n<p><strong>\u2022 Maule<\/strong>\u00a0(Cordillera).<br \/>\n<strong>\u2022 \u00d1uble<\/strong>\u00a0(Precordillera, Cordillera).<br \/>\n<strong>\u2022 B\u00edo B\u00edo<\/strong>\u00a0(Precordillera, Cordillera).<\/p>\n<p><strong>Intensidad estimada del viento en km\/h:<\/strong><\/p>\n<p><a href=\"https:\/\/admirable.cl\/wp-content\/uploads\/2026\/04\/captura-de-pantalla-2026-04-27-085751.webp\"><img loading=\"lazy\" decoding=\"async\" class=\"alignnone  wp-image-18283\" src=\"https:\/\/admirable.cl\/wp-content\/uploads\/2026\/04\/captura-de-pantalla-2026-04-27-085751-300x248.webp\" alt=\"\" width=\"375\" height=\"310\" srcset=\"https:\/\/admirable.cl\/wp-content\/uploads\/2026\/04\/captura-de-pantalla-2026-04-27-085751-300x248.webp 300w, https:\/\/admirable.cl\/wp-content\/uploads\/2026\/04\/captura-de-pantalla-2026-04-27-085751.webp 754w\" sizes=\"auto, (max-width: 375px) 100vw, 375px\" \/><\/a><\/p>\n<p><strong>Precipitaciones normales a moderadas con isoterma cero alta en corto periodo de tiempo: Aviso Meteorol\u00f3gico para el B\u00edo B\u00edo<\/strong><br \/>\nSeg\u00fan el organismo, se espera una condici\u00f3n sin\u00f3ptica de sistema frontal para la tarde del martes 28 de abril hasta la noche del mismo d\u00eda.<\/p>\n<p><strong>Las zonas afectadas son las siguientes:<\/strong><\/p>\n<p><strong>\u2022 B\u00edo B\u00edo<\/strong> (Precordillera, Cordillera).<\/p>\n<p><strong>Montos estimados de precipitaciones en mil\u00edmetros (mm) y altura de la isoterma cero en metros (m):<\/strong><\/p>\n<p><a href=\"https:\/\/admirable.cl\/wp-content\/uploads\/2026\/04\/captura-de-pantalla-2026-04-27-090022.webp\"><img loading=\"lazy\" decoding=\"async\" class=\"alignnone  wp-image-18284\" src=\"https:\/\/admirable.cl\/wp-content\/uploads\/2026\/04\/captura-de-pantalla-2026-04-27-090022-300x186.webp\" alt=\"\" width=\"369\" height=\"229\" srcset=\"https:\/\/admirable.cl\/wp-content\/uploads\/2026\/04\/captura-de-pantalla-2026-04-27-090022-300x186.webp 300w, https:\/\/admirable.cl\/wp-content\/uploads\/2026\/04\/captura-de-pantalla-2026-04-27-090022.webp 462w\" sizes=\"auto, (max-width: 369px) 100vw, 369px\" \/><\/a><\/p>\n<p><strong>Precipitaciones normales a moderadas en corto periodo de tiempo: Aviso Meteorol\u00f3gico para Los R\u00edos y Los Lagos<\/strong><br \/>\nSeg\u00fan el organismo, se espera una condici\u00f3n sin\u00f3ptica de sistema frontal para la madrugada del martes 28 de abril hasta la tarde del mismo d\u00eda.<\/p>\n<p><strong>Las zonas afectadas son las siguientes:<\/strong><\/p>\n<p>\u2022\u00a0<strong>Los R\u00edos<\/strong>\u00a0(Litoral, Cordillera Costa, Precordillera).<br \/>\n\u2022\u00a0<strong>Los Lagos<\/strong>\u00a0(Litoral, Cordillera Costa).<\/p>\n<p><strong>Montos estimados de precipitaciones en mil\u00edmetros (mm):<\/strong><\/p>\n<p><a href=\"https:\/\/admirable.cl\/wp-content\/uploads\/2026\/04\/captura-de-pantalla-2026-04-27-090853.webp\"><img loading=\"lazy\" decoding=\"async\" class=\"alignnone  wp-image-18285\" src=\"https:\/\/admirable.cl\/wp-content\/uploads\/2026\/04\/captura-de-pantalla-2026-04-27-090853-231x300.webp\" alt=\"\" width=\"316\" height=\"410\" srcset=\"https:\/\/admirable.cl\/wp-content\/uploads\/2026\/04\/captura-de-pantalla-2026-04-27-090853-231x300.webp 231w, https:\/\/admirable.cl\/wp-content\/uploads\/2026\/04\/captura-de-pantalla-2026-04-27-090853.webp 390w\" sizes=\"auto, (max-width: 316px) 100vw, 316px\" \/><\/a><\/p>\n<p><strong>Viento normal a moderado: Aviso Meteorol\u00f3gico para zonas de las regiones de La Araucan\u00eda, Los Lagos y Ays\u00e9n<\/strong><\/p>\n<p>Seg\u00fan el organismo, se espera una condici\u00f3n sin\u00f3ptica de sistema frontal para la madrugada del martes 28 de abril hasta la tarde del mismo d\u00eda.<\/p>\n<p><strong>Las zonas afectadas son las siguientes:<\/strong><\/p>\n<p>\u2022\u00a0<strong>La Araucan\u00eda<\/strong>\u00a0(Litoral, Valle, Cordillera).<br \/>\n\u2022\u00a0<strong>Los Lagos<\/strong>\u00a0(Cordillera, Chilo\u00e9, Litoral Interior).<br \/>\n\u2022\u00a0<strong>Ays\u00e9n<\/strong>\u00a0(Insular Norte).<\/p>\n<p><strong>Intensidad estimada del viento en km\/h:<\/strong><\/p>\n<p><a href=\"https:\/\/admirable.cl\/wp-content\/uploads\/2026\/04\/captura-de-pantalla-2026-04-27-091539.webp\"><img loading=\"lazy\" decoding=\"async\" class=\"alignnone  wp-image-18286\" src=\"https:\/\/admirable.cl\/wp-content\/uploads\/2026\/04\/captura-de-pantalla-2026-04-27-091539-185x300.webp\" alt=\"\" width=\"343\" height=\"556\" srcset=\"https:\/\/admirable.cl\/wp-content\/uploads\/2026\/04\/captura-de-pantalla-2026-04-27-091539-185x300.webp 185w, https:\/\/admirable.cl\/wp-content\/uploads\/2026\/04\/captura-de-pantalla-2026-04-27-091539.webp 451w\" sizes=\"auto, (max-width: 343px) 100vw, 343px\" \/><\/a><\/p>\n<p>con fuente BiobioChile<\/p>\n<p>&nbsp;<\/p>\n","protected":false},"excerpt":{"rendered":"<p>La Direcci\u00f3n Meteorol\u00f3gica de Chile (DMC) emiti\u00f3 una serie de Avisos Meteorol\u00f3gicos para este martes en la zona<\/p>\n","protected":false},"author":1,"featured_media":18287,"comment_status":"open","ping_status":"open","sticky":false,"template":"","format":"standard","meta":{"_jetpack_memberships_contains_paid_content":false,"footnotes":"","jetpack_publicize_message":"","jetpack_publicize_feature_enabled":true,"jetpack_social_post_already_shared":true,"jetpack_social_options":{"image_generator_settings":{"template":"highway","default_image_id":0,"font":"","enabled":false},"version":2}},"categories":[1,51],"tags":[],"class_list":["post-18282","post","type-post","status-publish","format-standard","has-post-thumbnail","hentry","category-sin-categoria","category-nacional"],"jetpack_publicize_connections":[],"jetpack_featured_media_url":"https:\/\/admirable.cl\/wp-content\/uploads\/2026\/04\/viento-y-lluvia-750x400-1.webp","jetpack_sharing_enabled":true,"_links":{"self":[{"href":"https:\/\/admirable.cl\/index.php?rest_route=\/wp\/v2\/posts\/18282","targetHints":{"allow":["GET"]}}],"collection":[{"href":"https:\/\/admirable.cl\/index.php?rest_route=\/wp\/v2\/posts"}],"about":[{"href":"https:\/\/admirable.cl\/index.php?rest_route=\/wp\/v2\/types\/post"}],"author":[{"embeddable":true,"href":"https:\/\/admirable.cl\/index.php?rest_route=\/wp\/v2\/users\/1"}],"replies":[{"embeddable":true,"href":"https:\/\/admirable.cl\/index.php?rest_route=%2Fwp%2Fv2%2Fcomments&post=18282"}],"version-history":[{"count":1,"href":"https:\/\/admirable.cl\/index.php?rest_route=\/wp\/v2\/posts\/18282\/revisions"}],"predecessor-version":[{"id":18288,"href":"https:\/\/admirable.cl\/index.php?rest_route=\/wp\/v2\/posts\/18282\/revisions\/18288"}],"wp:featuredmedia":[{"embeddable":true,"href":"https:\/\/admirable.cl\/index.php?rest_route=\/wp\/v2\/media\/18287"}],"wp:attachment":[{"href":"https:\/\/admirable.cl\/index.php?rest_route=%2Fwp%2Fv2%2Fmedia&parent=18282"}],"wp:term":[{"taxonomy":"category","embeddable":true,"href":"https:\/\/admirable.cl\/index.php?rest_route=%2Fwp%2Fv2%2Fcategories&post=18282"},{"taxonomy":"post_tag","embeddable":true,"href":"https:\/\/admirable.cl\/index.php?rest_route=%2Fwp%2Fv2%2Ftags&post=18282"}],"curies":[{"name":"wp","href":"https:\/\/api.w.org\/{rel}","templated":true}]}}