{"id":18298,"date":"2026-04-29T16:38:46","date_gmt":"2026-04-29T16:38:46","guid":{"rendered":"https:\/\/admirable.cl\/?p=18298"},"modified":"2026-04-29T16:38:46","modified_gmt":"2026-04-29T16:38:46","slug":"en-la-comuna-de-traiguen-pdi-incautan-mas-de-2-millones-de-pesos-en-drogas","status":"publish","type":"post","link":"https:\/\/admirable.cl\/?p=18298","title":{"rendered":"En la comuna de Traigu\u00e9n PDI incautan m\u00e1s de 2 millones de pesos en drogas"},"content":{"rendered":"<p><strong>Detectives de la Brigada de Investigaci\u00f3n Criminal Traigu\u00e9n, BICRIM, junto a su Equipo Modelo Territorial Cero, detuvieron a tres personas, por los delitos de microtr\u00e1fico de drogas y porte de arma cortante y punzante.<\/strong><\/p>\n<p>Lo anterior, conforme a proceso investigativo desarrollado por esta unidad territorial de la PDI y la Fiscal\u00eda Local de Traigu\u00e9n, a ra\u00edz de una denuncia efectuada por un recinto educacional de la comuna antes mencionada que daba cuenta de hallazgo de droga en el hall de acceso de \u00e9ste.<\/p>\n<p>Por este motivo, oficiales policiales de la <strong>BICRIM<\/strong> Traigu\u00e9n concurrieron al establecimiento educacional y durante el transcurso de las primeras diligencias que incluyeron trabajo en el sitio del suceso, levantamiento de evidencia, empadronamiento de testigos y revisi\u00f3n de c\u00e1maras de seguridad, se logr\u00f3 identificar al estudiante que portaba la droga de tipo clorhidrato de coca\u00edna entre sus vestimentas. Al momento de efectuar el control respectivo tambi\u00e9n se encontr\u00f3 un arma cortante, todo lo cual fue incautado junto con su detenci\u00f3n.<\/p>\n<p>Los antecedentes fueron informados a la Fiscal\u00eda de Flagrancia, quien instruy\u00f3 que la PDI Traigu\u00e9n continuar\u00e1 las diligencias investigativas, ordenando la entrada y registro voluntaria del inmueble del aprehendido, verificando que el imputado manten\u00eda mas cantidad de la misma sustancia il\u00edcita, dosificada y oculta al interior de su habitaci\u00f3n, lo cual tambi\u00e9n fue decomisado.<\/p>\n<div style=\"width: 640px;\" class=\"wp-video\"><video class=\"wp-video-shortcode\" id=\"video-18298-1\" width=\"640\" height=\"362\" preload=\"metadata\" controls=\"controls\"><source type=\"video\/mp4\" src=\"https:\/\/admirable.cl\/wp-content\/uploads\/2026\/04\/WhatsApp-Video-2026-04-29-at-11.43.23.mp4?_=1\" \/><a href=\"https:\/\/admirable.cl\/wp-content\/uploads\/2026\/04\/WhatsApp-Video-2026-04-29-at-11.43.23.mp4\">https:\/\/admirable.cl\/wp-content\/uploads\/2026\/04\/WhatsApp-Video-2026-04-29-at-11.43.23.mp4<\/a><\/video><\/div>\n<p><strong>Clan Familiar<\/strong><br \/>\nPosteriormente, gracias a un exhaustivo trabajo de an\u00e1lisis criminal en inteligencia policial, fue posible establecer que la droga que manten\u00eda el alumno fue entregada por su hermano para su comercializaci\u00f3n entre estudiantes y consumidores locales.<\/p>\n<p>En este contexto, los efectivos policiales de la <strong>PDI<\/strong> ubicaron al segundo imputado y de acuerdo a una orden de detenci\u00f3n, entrada y registro emanada desde la Fiscal\u00eda Local, fue aprehendido.<br \/>\nAsimismo, en el transcurso de las indagatorias la <strong>BICRIM<\/strong> Traigu\u00e9n determin\u00f3 que ambos sujetos integraban un clan familiar dedicado a la comisi\u00f3n de este delito y que la droga era obtenida a trav\u00e9s de una mujer, tercera imputada en la investigaci\u00f3n.<\/p>\n<div style=\"width: 640px;\" class=\"wp-video\"><video class=\"wp-video-shortcode\" id=\"video-18298-2\" width=\"640\" height=\"362\" preload=\"metadata\" controls=\"controls\"><source type=\"video\/mp4\" src=\"https:\/\/admirable.cl\/wp-content\/uploads\/2026\/04\/WhatsApp-Video-2026-04-29-at-11.41.39.mp4?_=2\" \/><a href=\"https:\/\/admirable.cl\/wp-content\/uploads\/2026\/04\/WhatsApp-Video-2026-04-29-at-11.41.39.mp4\">https:\/\/admirable.cl\/wp-content\/uploads\/2026\/04\/WhatsApp-Video-2026-04-29-at-11.41.39.mp4<\/a><\/video><\/div>\n<p>Es as\u00ed, que con toda la informaci\u00f3n recabada, los detectives individualizaron a la mujer y en virtud a instrucciones del Ministerio P\u00fablico fue detenida en su vivienda, <strong>en la cual fueron encontradas importantes cantidades de clorhidrato de coca\u00edna y cannabis sativa, adem\u00e1s de equipos celulares<\/strong>, dinero en efectivo y elementos para la dosificaci\u00f3n y pesaje de la droga, lo que fue incautado.<\/p>\n<p>Con este accionar policial la <strong>PDI Traigu\u00e9n<\/strong> sac\u00f3 de circulaci\u00f3n un total de 1000 dosis de ambas sustancias il\u00edcitas avaladas en aproximadamente en m\u00e1s de 2 millones de pesos.<\/p>\n<p>Los tres imputados quedaron a disposici\u00f3n del <strong>Juzgado de Garant\u00eda de Traigu\u00e9n<\/strong> para su respectiva audiencia de control.<\/p>\n<p>&nbsp;<\/p>\n<p>&nbsp;<\/p>\n<p>&nbsp;<\/p>\n<p>&nbsp;<\/p>\n<p>&nbsp;<\/p>\n","protected":false},"excerpt":{"rendered":"<p>Detectives de la Brigada de Investigaci\u00f3n Criminal Traigu\u00e9n, BICRIM, junto a su Equipo Modelo Territorial Cero, detuvieron a<\/p>\n","protected":false},"author":1,"featured_media":18302,"comment_status":"open","ping_status":"open","sticky":false,"template":"","format":"standard","meta":{"_jetpack_memberships_contains_paid_content":false,"footnotes":"","jetpack_publicize_message":"","jetpack_publicize_feature_enabled":true,"jetpack_social_post_already_shared":true,"jetpack_social_options":{"image_generator_settings":{"template":"highway","default_image_id":0,"font":"","enabled":false},"version":2}},"categories":[1,2],"tags":[],"class_list":["post-18298","post","type-post","status-publish","format-standard","has-post-thumbnail","hentry","category-sin-categoria","category-policial"],"jetpack_publicize_connections":[],"jetpack_featured_media_url":"https:\/\/admirable.cl\/wp-content\/uploads\/2026\/04\/WhatsApp-Image-2026-04-29-at-11.41.39-1-scaled.jpeg","jetpack_sharing_enabled":true,"_links":{"self":[{"href":"https:\/\/admirable.cl\/index.php?rest_route=\/wp\/v2\/posts\/18298","targetHints":{"allow":["GET"]}}],"collection":[{"href":"https:\/\/admirable.cl\/index.php?rest_route=\/wp\/v2\/posts"}],"about":[{"href":"https:\/\/admirable.cl\/index.php?rest_route=\/wp\/v2\/types\/post"}],"author":[{"embeddable":true,"href":"https:\/\/admirable.cl\/index.php?rest_route=\/wp\/v2\/users\/1"}],"replies":[{"embeddable":true,"href":"https:\/\/admirable.cl\/index.php?rest_route=%2Fwp%2Fv2%2Fcomments&post=18298"}],"version-history":[{"count":1,"href":"https:\/\/admirable.cl\/index.php?rest_route=\/wp\/v2\/posts\/18298\/revisions"}],"predecessor-version":[{"id":18303,"href":"https:\/\/admirable.cl\/index.php?rest_route=\/wp\/v2\/posts\/18298\/revisions\/18303"}],"wp:featuredmedia":[{"embeddable":true,"href":"https:\/\/admirable.cl\/index.php?rest_route=\/wp\/v2\/media\/18302"}],"wp:attachment":[{"href":"https:\/\/admirable.cl\/index.php?rest_route=%2Fwp%2Fv2%2Fmedia&parent=18298"}],"wp:term":[{"taxonomy":"category","embeddable":true,"href":"https:\/\/admirable.cl\/index.php?rest_route=%2Fwp%2Fv2%2Fcategories&post=18298"},{"taxonomy":"post_tag","embeddable":true,"href":"https:\/\/admirable.cl\/index.php?rest_route=%2Fwp%2Fv2%2Ftags&post=18298"}],"curies":[{"name":"wp","href":"https:\/\/api.w.org\/{rel}","templated":true}]}}