{"id":18304,"date":"2026-04-29T17:09:22","date_gmt":"2026-04-29T17:09:22","guid":{"rendered":"https:\/\/admirable.cl\/?p=18304"},"modified":"2026-04-29T17:09:22","modified_gmt":"2026-04-29T17:09:22","slug":"confirman-que-venezolanos-detenidos-por-secuestro-de-empresario-tienen-vinculos-con-el-tren-de-aragua","status":"publish","type":"post","link":"https:\/\/admirable.cl\/?p=18304","title":{"rendered":"Confirman que venezolanos detenidos por secuestro de empresario tienen v\u00ednculos con el Tren de Aragua"},"content":{"rendered":"<p><strong>El fiscal coordinador ECOH, H\u00e9ctor Barros, confirm\u00f3 que los detenidos por el secuestro del empresario ferretero Jorge Vera, quien fue liberado la madrugada de este mi\u00e9rcoles, tienen v\u00ednculos con el Tren de Aragua.<\/strong><\/p>\n<p>Barros report\u00f3 que, hasta el momento, la investigaci\u00f3n tiene cuatro detenidos, tres de ellos extranjeros de nacionalidad venezolana y un chileno.<strong> Dos de ellos fueron detenidos en Iquique y otros dos en Santiago<\/strong>.<\/p>\n<p>Seg\u00fan el persecutor, <strong>los aprehendidos tienen v\u00ednculos con el Tren de Aragua<\/strong> y fueron detenidos antes de que se produjera la liberaci\u00f3n de Vera. Todos ellos pasar\u00e1n a control de detenci\u00f3n este jueves.<\/p>\n<p>\u201cEstas organizaciones que est\u00e1n vinculadas al Tren de Aragua, en este caso en particular, los lugares de cautiverio no son uno, sino que ellos permanentemente van cambiando de lugar a las v\u00edctimas con la finalidad de precisamente que nosotros no las podamos encontrar\u201d, agreg\u00f3 Barros.<\/p>\n<p><strong>El v\u00ednculo de la organizaci\u00f3n de origen venezolano ya hab\u00eda sido adelantado por BBCL Investiga<\/strong>. Se tratar\u00eda de una rearticulaci\u00f3n de este grupo criminal que se vio mermado luego de varias investigaciones contra sus brazos operativos en Chile.<\/p>\n<p>Barros igualmente se\u00f1al\u00f3 que no existen antecedentes en la investigaci\u00f3n de que Vera haya sido un prestamista informal.<\/p>\n<p><strong>Trabajan para detener al resto de secuestradores<\/strong><br \/>\nPor su parte, el jefe de la <strong>BIPE<\/strong> Antisecuestros de la <strong>PDI<\/strong>, Hassel Barrientos, se\u00f1al\u00f3 que se trabaja para detener al resto de los involucrados, ya sea en Chile o en el extranjero.<\/p>\n<p>\u201cEsta investigaci\u00f3n est\u00e1 en desarrollo, seguimos trabajando para identificar a cada una de las personas que participan en este hecho y posteriormente lograr su detenci\u00f3n en Chile o en el pa\u00eds donde se desplacen\u201d, dijo.<\/p>\n<p>A\u00f1adi\u00f3 que \u201ces importante destacar la fortaleza y el compromiso tambi\u00e9n de la familia, que estuvo permanentemente en contacto con la finalidad de conseguir los resultados que estamos dando cuenta hoy\u201d.<\/p>\n<p>Barrientos tambi\u00e9n se\u00f1al\u00f3 que el Ministerio P\u00fablico dispuso protecci\u00f3n para la familia del secuestrado, <strong>conocido empresario ferretero de San Miguel<\/strong>, quien tambi\u00e9n est\u00e1 vinculado a la h\u00edpica con siete caballos fina sangre.<\/p>\n<p>BiobioChile<\/p>\n","protected":false},"excerpt":{"rendered":"<p>El fiscal coordinador ECOH, H\u00e9ctor Barros, confirm\u00f3 que los detenidos por el secuestro del empresario ferretero Jorge Vera,<\/p>\n","protected":false},"author":1,"featured_media":18305,"comment_status":"open","ping_status":"open","sticky":false,"template":"","format":"standard","meta":{"_jetpack_memberships_contains_paid_content":false,"footnotes":"","jetpack_publicize_message":"","jetpack_publicize_feature_enabled":true,"jetpack_social_post_already_shared":true,"jetpack_social_options":{"image_generator_settings":{"template":"highway","default_image_id":0,"font":"","enabled":false},"version":2}},"categories":[1,51],"tags":[],"class_list":["post-18304","post","type-post","status-publish","format-standard","has-post-thumbnail","hentry","category-sin-categoria","category-nacional"],"jetpack_publicize_connections":[],"jetpack_featured_media_url":"https:\/\/admirable.cl\/wp-content\/uploads\/2026\/04\/secuestro-empresario-ferretero-1-750x400-1.webp","jetpack_sharing_enabled":true,"_links":{"self":[{"href":"https:\/\/admirable.cl\/index.php?rest_route=\/wp\/v2\/posts\/18304","targetHints":{"allow":["GET"]}}],"collection":[{"href":"https:\/\/admirable.cl\/index.php?rest_route=\/wp\/v2\/posts"}],"about":[{"href":"https:\/\/admirable.cl\/index.php?rest_route=\/wp\/v2\/types\/post"}],"author":[{"embeddable":true,"href":"https:\/\/admirable.cl\/index.php?rest_route=\/wp\/v2\/users\/1"}],"replies":[{"embeddable":true,"href":"https:\/\/admirable.cl\/index.php?rest_route=%2Fwp%2Fv2%2Fcomments&post=18304"}],"version-history":[{"count":1,"href":"https:\/\/admirable.cl\/index.php?rest_route=\/wp\/v2\/posts\/18304\/revisions"}],"predecessor-version":[{"id":18306,"href":"https:\/\/admirable.cl\/index.php?rest_route=\/wp\/v2\/posts\/18304\/revisions\/18306"}],"wp:featuredmedia":[{"embeddable":true,"href":"https:\/\/admirable.cl\/index.php?rest_route=\/wp\/v2\/media\/18305"}],"wp:attachment":[{"href":"https:\/\/admirable.cl\/index.php?rest_route=%2Fwp%2Fv2%2Fmedia&parent=18304"}],"wp:term":[{"taxonomy":"category","embeddable":true,"href":"https:\/\/admirable.cl\/index.php?rest_route=%2Fwp%2Fv2%2Fcategories&post=18304"},{"taxonomy":"post_tag","embeddable":true,"href":"https:\/\/admirable.cl\/index.php?rest_route=%2Fwp%2Fv2%2Ftags&post=18304"}],"curies":[{"name":"wp","href":"https:\/\/api.w.org\/{rel}","templated":true}]}}