{"id":18881,"date":"2026-09-03T17:27:31","date_gmt":"2026-09-03T17:27:31","guid":{"rendered":"https:\/\/admirable.cl\/?p=18881"},"modified":"2026-09-03T17:27:31","modified_gmt":"2026-09-03T17:27:31","slug":"cuatro-detenidos-y-una-victima-inocente-muerta-deja-persecucion-policial-en-maipu","status":"publish","type":"post","link":"https:\/\/admirable.cl\/?p=18881","title":{"rendered":"Cuatro detenidos y una v\u00edctima inocente muerta deja persecuci\u00f3n policial en Maip\u00fa"},"content":{"rendered":"<p><span style=\"color: #ff0000;\"><strong>Cuatro detenidos y una v\u00edctima inocente fallecida dej\u00f3 una colisi\u00f3n ocurrida en el marco de una persecuci\u00f3n policial en Maip\u00fa.<\/strong><\/span><\/p>\n<p>Seg\u00fan la informaci\u00f3n preliminar, los hechos se remontan a un asalto en el que una banda, con una cantidad a\u00fan no determinada de delincuentes, protagoniz\u00f3 el robo de un cami\u00f3n repartidor de cigarrillos. Una vez cometido el il\u00edcito, iniciaron su huida.<\/p>\n<p>De acuerdo con lo relatado con testigos, se habr\u00edan observado a cuatro veh\u00edculos: dos furgones -uno de ellos posiblemente el veh\u00edculo sustra\u00eddo a la empresa de cigarrillos-, y otros dos autom\u00f3viles que habr\u00edan servido de escolta.<\/p>\n<p>El escape termin\u00f3 de la peor forma, ya que el veh\u00edculo que encabezaba la caravana de la banda delictiva impact\u00f3 a otro m\u00f3vil que estaba circulando por el sector. Tras el accidente de tr\u00e1nsito, el veh\u00edculo que trasladaba a parte de la organizaci\u00f3n criminal volc\u00f3. Sin embargo, la peor parte la sac\u00f3 el conductor del otro m\u00f3vil, quien no tendr\u00eda relaci\u00f3n con el procedimiento y muri\u00f3 tras el impacto.<\/p>\n<p>La persecuci\u00f3n dej\u00f3 cuatro detenidos, dos de los cuales estar\u00edan en condici\u00f3n de gravedad producto del accidente de tr\u00e1nsito.<\/p>\n<p>El fiscal jefe de la Fiscal\u00eda Flagrancia Occidente, Patricio Rosas, concurre al sitio del suceso para encabezar las diligencias de Carabineros.<\/p>\n","protected":false},"excerpt":{"rendered":"<p>Cuatro detenidos y una v\u00edctima inocente fallecida dej\u00f3 una colisi\u00f3n ocurrida en el marco de una persecuci\u00f3n policial<\/p>\n","protected":false},"author":1,"featured_media":18189,"comment_status":"open","ping_status":"open","sticky":false,"template":"","format":"standard","meta":{"_jetpack_memberships_contains_paid_content":false,"footnotes":"","jetpack_publicize_message":"","jetpack_publicize_feature_enabled":true,"jetpack_social_post_already_shared":true,"jetpack_social_options":{"image_generator_settings":{"template":"highway","default_image_id":0,"font":"","enabled":false},"version":2}},"categories":[1,51],"tags":[],"class_list":["post-18881","post","type-post","status-publish","format-standard","has-post-thumbnail","hentry","category-sin-categoria","category-nacional"],"jetpack_publicize_connections":[],"jetpack_featured_media_url":"https:\/\/admirable.cl\/wp-content\/uploads\/2026\/03\/download.png","jetpack_sharing_enabled":true,"_links":{"self":[{"href":"https:\/\/admirable.cl\/index.php?rest_route=\/wp\/v2\/posts\/18881","targetHints":{"allow":["GET"]}}],"collection":[{"href":"https:\/\/admirable.cl\/index.php?rest_route=\/wp\/v2\/posts"}],"about":[{"href":"https:\/\/admirable.cl\/index.php?rest_route=\/wp\/v2\/types\/post"}],"author":[{"embeddable":true,"href":"https:\/\/admirable.cl\/index.php?rest_route=\/wp\/v2\/users\/1"}],"replies":[{"embeddable":true,"href":"https:\/\/admirable.cl\/index.php?rest_route=%2Fwp%2Fv2%2Fcomments&post=18881"}],"version-history":[{"count":1,"href":"https:\/\/admirable.cl\/index.php?rest_route=\/wp\/v2\/posts\/18881\/revisions"}],"predecessor-version":[{"id":18882,"href":"https:\/\/admirable.cl\/index.php?rest_route=\/wp\/v2\/posts\/18881\/revisions\/18882"}],"wp:featuredmedia":[{"embeddable":true,"href":"https:\/\/admirable.cl\/index.php?rest_route=\/wp\/v2\/media\/18189"}],"wp:attachment":[{"href":"https:\/\/admirable.cl\/index.php?rest_route=%2Fwp%2Fv2%2Fmedia&parent=18881"}],"wp:term":[{"taxonomy":"category","embeddable":true,"href":"https:\/\/admirable.cl\/index.php?rest_route=%2Fwp%2Fv2%2Fcategories&post=18881"},{"taxonomy":"post_tag","embeddable":true,"href":"https:\/\/admirable.cl\/index.php?rest_route=%2Fwp%2Fv2%2Ftags&post=18881"}],"curies":[{"name":"wp","href":"https:\/\/api.w.org\/{rel}","templated":true}]}}